{"id":9288,"date":"2023-04-17T16:44:26","date_gmt":"2023-04-17T16:44:26","guid":{"rendered":"https:\/\/cdes.org.ec\/webantigua\/?p=9288"},"modified":"2023-08-08T16:38:34","modified_gmt":"2023-08-08T16:38:34","slug":"corte-constitucional-solicita-informacion-sobre-explotacion-en-el-yasuni-para-dictaminar-sobre-consulta-popular-que-pretende-evitar-la-explotacion-de-nuevo-campo-43","status":"publish","type":"post","link":"https:\/\/cdes.org.ec\/webantigua\/corte-constitucional-solicita-informacion-sobre-explotacion-en-el-yasuni-para-dictaminar-sobre-consulta-popular-que-pretende-evitar-la-explotacion-de-nuevo-campo-43\/","title":{"rendered":"Corte Constitucional solicita informaci\u00f3n sobre explotaci\u00f3n en el Yasun\u00ed para dictaminar sobre consulta popular que pretende evitar la explotaci\u00f3n de nuevo campo 43"},"content":{"rendered":"<p>La Corte Constitucional del Ecuador ha iniciado el proceso de sustanciaci\u00f3n de la <a href=\"https:\/\/cdes.org.ec\/webantigua\/wp-content\/uploads\/2023\/04\/Avoco-caso-6-22-CP.pdf\">causa N\u00b0 6-22-CP<\/a>, por medio de la cual se solicita a este organismo el dictamen previo y vinculante de constitucionalidad de una propuesta de consulta popular. La pregunta planteada en esta propuesta es: \u201c\u00bfEst\u00e1 usted de acuerdo con que el gobierno ecuatoriano mantenga el crudo del ITT, conocido como bloque 43, indefinidamente bajo el subsuelo?\u201d. La jueza constitucional sustanciadora de la presente causa, Carmen Corral Ponce, ha dispuesto que se realice la notificaci\u00f3n por medios digitales, de conformidad con el art\u00edculo 2 de la Resoluci\u00f3n N\u00b0 0007-CCE-PLE-2020, que prioriza la notificaci\u00f3n por estos medios.<\/p>\n<p>Asimismo, la jueza ha ordenado la solicitud de insumos t\u00e9cnicos especializados, como informes, estudios, peritajes, consultor\u00edas u otros, ya sea a los \u00f3rganos t\u00e9cnicos de apoyo de la Corte Constitucional o a personas naturales o jur\u00eddicas, nacionales o internacionales, o a entidades p\u00fablicas o privadas cuya actividad est\u00e9 relacionada con el tema materia del proceso en tr\u00e1mite. En el t\u00e9rmino de tres d\u00edas, la Asamblea Nacional, la Presidencia de la Rep\u00fablica, el Ministerio de Energ\u00eda y Recursos Naturales no Renovables, el Ministerio del Ambiente, Agua y Transici\u00f3n Ecol\u00f3gica, el Ministerio de Econom\u00eda y Finanzas, el Ministerio de la Mujer y Derechos Humanos, la Empresa P\u00fablica de Hidrocarburos del Ecuador (\u201cPETROECUADOR EP\u201d), la Agencia de Regulaci\u00f3n y Control de Energ\u00eda y Recursos Naturales no Renovables, los gobiernos aut\u00f3nomos descentralizados municipales de los cantones Aguarico, Orellana y Pastaza, as\u00ed como los gobiernos aut\u00f3nomos descentralizados provinciales de Orellana y Pastaza, deber\u00e1n remitir a la jueza informaci\u00f3n, reportes e insumos actualizados que tengan estricta correspondencia con la gesti\u00f3n t\u00e9cnica, jur\u00eddica, ambiental y financiera, respecto de la explotaci\u00f3n hidrocarbur\u00edfera del bloque 43 del Parque Nacional Yasun\u00ed (\u201cPNY\u201d), especialmente, en lo relacionado a la suscripci\u00f3n y duraci\u00f3n de contratos de venta o preventa petrolera, endeudamiento p\u00fablico asociado a dichos contratos, vida \u00fatil de la declaratoria de inter\u00e9s nacional para explotaci\u00f3n de los bloques 31 y 43 del PNY, cantidad de reservas de crudo, expectativas de extracci\u00f3n total de dichas reservas, periodo estimado de finalizaci\u00f3n de las actividades extractivas, impactos ambientales y sociales.<\/p>\n<p>Por \u00faltimo, se ha establecido la posibilidad de realizar una audiencia virtual, como dispone el art\u00edculo 33 del Reglamento de Sustanciaci\u00f3n de Procesos de Competencia de la Corte Constitucional, antes de emitir la sentencia o dictamen correspondiente. Se espera que esta causa sea resuelta en los pr\u00f3ximos meses, una vez que se hayan recopilado todos los insumos necesarios para tomar una decisi\u00f3n de manera objetiva y con el debido sustento t\u00e9cnico, jur\u00eddico y ambiental.<\/p>\n<pre>Autor: Centro de Derechos Econ\u00f3micos y Sociales -CDES<\/pre>\n","protected":false},"excerpt":{"rendered":"<p>La Corte Constitucional del Ecuador ha iniciado el proceso de [&hellip;]<\/p>\n","protected":false},"author":1,"featured_media":9290,"comment_status":"open","ping_status":"open","sticky":false,"template":"","format":"standard","meta":{"_siteseo_robots_primary_cat":"","_joinchat":[],"footnotes":""},"categories":[12],"tags":[],"class_list":["post-9288","post","type-post","status-publish","format-standard","has-post-thumbnail","hentry","category-justiciaambiental"],"_links":{"self":[{"href":"https:\/\/cdes.org.ec\/webantigua\/wp-json\/wp\/v2\/posts\/9288","targetHints":{"allow":["GET"]}}],"collection":[{"href":"https:\/\/cdes.org.ec\/webantigua\/wp-json\/wp\/v2\/posts"}],"about":[{"href":"https:\/\/cdes.org.ec\/webantigua\/wp-json\/wp\/v2\/types\/post"}],"author":[{"embeddable":true,"href":"https:\/\/cdes.org.ec\/webantigua\/wp-json\/wp\/v2\/users\/1"}],"replies":[{"embeddable":true,"href":"https:\/\/cdes.org.ec\/webantigua\/wp-json\/wp\/v2\/comments?post=9288"}],"version-history":[{"count":3,"href":"https:\/\/cdes.org.ec\/webantigua\/wp-json\/wp\/v2\/posts\/9288\/revisions"}],"predecessor-version":[{"id":9293,"href":"https:\/\/cdes.org.ec\/webantigua\/wp-json\/wp\/v2\/posts\/9288\/revisions\/9293"}],"wp:featuredmedia":[{"embeddable":true,"href":"https:\/\/cdes.org.ec\/webantigua\/wp-json\/wp\/v2\/media\/9290"}],"wp:attachment":[{"href":"https:\/\/cdes.org.ec\/webantigua\/wp-json\/wp\/v2\/media?parent=9288"}],"wp:term":[{"taxonomy":"category","embeddable":true,"href":"https:\/\/cdes.org.ec\/webantigua\/wp-json\/wp\/v2\/categories?post=9288"},{"taxonomy":"post_tag","embeddable":true,"href":"https:\/\/cdes.org.ec\/webantigua\/wp-json\/wp\/v2\/tags?post=9288"}],"curies":[{"name":"wp","href":"https:\/\/api.w.org\/{rel}","templated":true}]}}