{"id":9295,"date":"2023-04-26T11:11:38","date_gmt":"2023-04-26T11:11:38","guid":{"rendered":"https:\/\/cdes.org.ec\/webantigua\/?p=9295"},"modified":"2023-08-08T16:37:58","modified_gmt":"2023-08-08T16:37:58","slug":"monitoreo-fiscal-y-de-la-deuda-publica","status":"publish","type":"post","link":"https:\/\/cdes.org.ec\/webantigua\/monitoreo-fiscal-y-de-la-deuda-publica\/","title":{"rendered":"Monitoreo fiscal y de la deuda p\u00fablica"},"content":{"rendered":"<h2><strong>\u00bfQu\u00e9 est\u00e1 pasando con el gasto fiscal y la deuda externa en el Ecuador?<\/strong><\/h2>\n<p style=\"text-align: left;\">El gasto p\u00fablico del gobierno central de Ecuador en el primer trimestre de 2023, reporta un aumento del 7% en comparaci\u00f3n con el mismo per\u00edodo del a\u00f1o anterior, llegando a los $8.762 millones. La mayor parte del gasto se destin\u00f3 a sueldos y salarios, IESS y transferencias a gobiernos locales, con un aumento del 24,7% en comparaci\u00f3n con el mismo per\u00edodo del a\u00f1o anterior. Por su parte, el gasto corriente fue la mayor parte del gasto p\u00fablico, alcanzando un total de $6.268 millones, mientras que el gasto de capital se situ\u00f3 en $2.494 millones.<\/p>\n<p style=\"text-align: left;\">En cuanto a la deuda p\u00fablica total del pa\u00eds, se alcanz\u00f3 los $71.715 millones, lo que representa el 54,9% del PIB. El 90,2% corresponde a la deuda externa y el 9,8% a la deuda interna.<\/p>\n<p style=\"text-align: left;\">Los ingresos fiscales del Servicio de Rentas Internas (SRI) en el primer trimestre de 2023 alcanzaron un total de $3.925 millones, siendo la mayor parte de los ingresos fiscales provenientes de los impuestos sobre la renta y el valor agregado.<\/p>\n<p style=\"text-align: left;\">El pa\u00eds ha planteado al FMI la necesidad de flexibilidad en el cumplimiento de las metas fiscales debido al impacto significativo que la pandemia ha tenido en la econom\u00eda del pa\u00eds. Sin embargo, el FMI ha instado al pa\u00eds a mantener el compromiso con la sostenibilidad fiscal y las reformas estructurales.<\/p>\n<p style=\"text-align: left;\">El FMI ha pronosticado que la econom\u00eda de Ecuador crecer\u00e1 un 4% en 2023, en comparaci\u00f3n con el 0,7% en 2022, y ha destacado que la recuperaci\u00f3n econ\u00f3mica depender\u00e1 de la mejora de la situaci\u00f3n sanitaria, las reformas fiscales y la inversi\u00f3n en infraestructura y capital humano.<\/p>\n<p style=\"text-align: left;\">Adem\u00e1s, el informe del FMI tambi\u00e9n menciona que la tasa de desempleo de Ecuador se ubicar\u00e1 en 3,6% en 2023, y la previsi\u00f3n de inflaci\u00f3n anual para este a\u00f1o es de 2,5%. La delegaci\u00f3n ecuatoriana ha expresado la importancia de utilizar los ingresos petroleros y tributarios en algo m\u00e1s que simplemente reducir el d\u00e9ficit fiscal y pagar la deuda p\u00fablica, y ha destacado que es necesario que la ciudadan\u00eda vea los beneficios de la gesti\u00f3n de las cuentas estatales para mantener la estabilidad pol\u00edtica del pa\u00eds.<\/p>\n","protected":false},"excerpt":{"rendered":"<p>\u00bfQu\u00e9 est\u00e1 pasando con el gasto fiscal y la deuda [&hellip;]<\/p>\n","protected":false},"author":1,"featured_media":9299,"comment_status":"open","ping_status":"open","sticky":false,"template":"","format":"standard","meta":{"_siteseo_robots_primary_cat":"","_joinchat":[],"footnotes":""},"categories":[46,9],"tags":[],"class_list":["post-9295","post","type-post","status-publish","format-standard","has-post-thumbnail","hentry","category-deuda","category-justiciafiscal"],"_links":{"self":[{"href":"https:\/\/cdes.org.ec\/webantigua\/wp-json\/wp\/v2\/posts\/9295","targetHints":{"allow":["GET"]}}],"collection":[{"href":"https:\/\/cdes.org.ec\/webantigua\/wp-json\/wp\/v2\/posts"}],"about":[{"href":"https:\/\/cdes.org.ec\/webantigua\/wp-json\/wp\/v2\/types\/post"}],"author":[{"embeddable":true,"href":"https:\/\/cdes.org.ec\/webantigua\/wp-json\/wp\/v2\/users\/1"}],"replies":[{"embeddable":true,"href":"https:\/\/cdes.org.ec\/webantigua\/wp-json\/wp\/v2\/comments?post=9295"}],"version-history":[{"count":1,"href":"https:\/\/cdes.org.ec\/webantigua\/wp-json\/wp\/v2\/posts\/9295\/revisions"}],"predecessor-version":[{"id":9297,"href":"https:\/\/cdes.org.ec\/webantigua\/wp-json\/wp\/v2\/posts\/9295\/revisions\/9297"}],"wp:featuredmedia":[{"embeddable":true,"href":"https:\/\/cdes.org.ec\/webantigua\/wp-json\/wp\/v2\/media\/9299"}],"wp:attachment":[{"href":"https:\/\/cdes.org.ec\/webantigua\/wp-json\/wp\/v2\/media?parent=9295"}],"wp:term":[{"taxonomy":"category","embeddable":true,"href":"https:\/\/cdes.org.ec\/webantigua\/wp-json\/wp\/v2\/categories?post=9295"},{"taxonomy":"post_tag","embeddable":true,"href":"https:\/\/cdes.org.ec\/webantigua\/wp-json\/wp\/v2\/tags?post=9295"}],"curies":[{"name":"wp","href":"https:\/\/api.w.org\/{rel}","templated":true}]}}