{"id":9315,"date":"2023-06-13T19:04:21","date_gmt":"2023-06-13T19:04:21","guid":{"rendered":"https:\/\/cdes.org.ec\/webantigua\/?p=9315"},"modified":"2023-06-14T16:30:16","modified_gmt":"2023-06-14T16:30:16","slug":"nuestra-companera-adoracion-guaman-es-la-persona-idonea-como-titular-de-la-relatoria-desca-de-la-cidh-unete-y-apoya-su-postulacion","status":"publish","type":"post","link":"https:\/\/cdes.org.ec\/webantigua\/nuestra-companera-adoracion-guaman-es-la-persona-idonea-como-titular-de-la-relatoria-desca-de-la-cidh-unete-y-apoya-su-postulacion\/","title":{"rendered":"CONSIDERAMOS QUE ADORACI\u00d3N GUAM\u00c1N ES LA PERSONA ID\u00d3NEA COMO TITULAR DE LA RELATOR\u00cdA DESCA DE LA CIDH, \u00daNETE Y APOYA SU POSTULACI\u00d3N"},"content":{"rendered":"<p>El Centro de Derechos Econ\u00f3micos y Sociales (CDES) de Ecuador es una organizaci\u00f3n social dedicada desde el a\u00f1o 1997 al monitoreo, defensa y promoci\u00f3n de los Derechos Econ\u00f3micos, Sociales, Culturales y Ambientales, en Ecuador y en Am\u00e9rica Latina.<\/p>\n<p>Nuestro equipo desarrolla una intensa labor en \u00e1reas fundamentales para conseguir la eficacia y garant\u00eda de los DESCA, en particular trabajamos en el \u00e1mbito de la defensa de los derechos laborales y sindicales, la justicia fiscal, la igualdad de g\u00e9nero, las pol\u00edticas de vivienda, la protecci\u00f3n de los DESCA, frente a los efectos nocivos de las empresas transnacionales y de los Tratados de Comercio e Inversi\u00f3n, la defensa de los servicios p\u00fablicos como sanidad o educaci\u00f3n y entre muchas otras cuestiones, los derechos campesinos y de los pueblos ind\u00edgenas y originarios as\u00ed como los derechos de la Naturaleza.<\/p>\n<p>Con el objetivo de conseguir la justicia social, ambiental y de g\u00e9nero, desde CDES mantenemos un trabajo permanente en terreno con personas y organizaciones sociales, as\u00ed como con las instituciones de derechos humanos, regionales e internacionales. En concreto, consideramos que la Relator\u00eda DESCA de la Comisi\u00f3n Interamericana de Derechos Humanos es un pilar importante del Sistema Interamericano cuya labor debe estar permanentemente sostenida en el trabajo con y desde las organizaciones y los movimientos.<\/p>\n<p>Por esta raz\u00f3n, y ante la renovaci\u00f3n de la titular de la Relator\u00eda DESCA, decidimos impulsar la candidatura de la Dra. Adoraci\u00f3n Guam\u00e1n, miembro de nuestra organizaci\u00f3n y cuya experiencia, trayectoria, curr\u00edculum y compromiso social la avalan como la candidata id\u00f3nea para esta Relator\u00eda. Adoraci\u00f3n, de nacionalidad ecuatoriano-espa\u00f1ola, es profesora de derecho del trabajo y de la seguridad social en la Universidad de Valencia, imparte numerosos cursos de postgrado en universidades latinoamericanas y dirige varios grupos de investigaci\u00f3n, uno de ellos en CLACSO sobre el futuro del trabajo. Con dos doctorados en Derecho y varios t\u00edtulos de grado y posgrado, ha dedicado su vida a los DESCA, en particular al trabajo decente, g\u00e9nero, vivienda, migraciones o educaci\u00f3n, as\u00ed como a los derechos de la naturaleza. Su curr\u00edculum puede encontrarse aqu\u00ed: <a href=\"https:\/\/webgrec.uv.es\/webpages\/personal\/cat\/I6107.html\">https:\/\/webgrec.uv.es\/webpages\/personal\/cat\/I6107.html<\/a><\/p>\n<p>La excelencia acad\u00e9mica y profesional no es el \u00fanico motivo del apoyo del CDES. Adoraci\u00f3n participa, desde hace m\u00e1s de dos d\u00e9cadas, en movimientos sociales latinoamericanos y europeos por la defensa de los DESCA. Su compromiso feminista, sindicalista y ecologista es ampliamente reconocido. Su valent\u00eda en la denuncia de violaciones de los derechos sociales derivadas de la actuaci\u00f3n de empresas transnacionales o de la aplicaci\u00f3n de pol\u00edticas de comercio e inversi\u00f3n la ha llevado a recorrer Am\u00e9rica Latina, invitada por instituciones acad\u00e9micas y movimientos sociales impartiendo m\u00e1s de medio millar de charlas, talleres, conferencias y seminarios. Una de sus grandes pasiones, la lucha por el Tratado Vinculante sobre empresas transnacionales y derechos humanos, la ha llevado a participar en las negociaciones en el Consejo de Derechos Humanos de Naciones Unidas que llevan realiz\u00e1ndose desde hace 10 a\u00f1os.<\/p>\n<p>Por todo lo anterior, y porque desde CDES creemos que la CIDH requiere de perfiles que provengan de los movimientos sociales, que conozcan y se vinculen con el terreno y con las luchas por los derechos, te pedimos el apoyo para la candidatura de Adoraci\u00f3n Guam\u00e1n, que ya es una de las personas seleccionadas en la parte final del proceso, y que puedes presentar a trav\u00e9s de este enlace: <a href=\"https:\/\/airtable.com\/shr0fz6onLVuIlOcs\">https:\/\/airtable.com\/shr0fz6onLVuIlOcs<\/a><\/p>\n<p>Y, si necesitas un modelo general de carta de apoyo, puedes consultar nuestra p\u00e1gina web. Vis\u00edtanos en: <a href=\"https:\/\/cdes.org.ec\/webantigua\/wp-content\/uploads\/2023\/06\/Carta-apoyo-relatoria-DESCA_11.pdf\">https:\/\/cdes.org.ec\/webantigua\/wp-content\/uploads\/2023\/06\/Carta-apoyo-relatoria-DESCA_11.pdf<\/a><\/p>\n","protected":false},"excerpt":{"rendered":"<p>El Centro de Derechos Econ\u00f3micos y Sociales (CDES) de Ecuador [&hellip;]<\/p>\n","protected":false},"author":1,"featured_media":9319,"comment_status":"open","ping_status":"open","sticky":false,"template":"","format":"standard","meta":{"_siteseo_robots_primary_cat":"","_joinchat":[],"footnotes":""},"categories":[87,16],"tags":[],"class_list":["post-9315","post","type-post","status-publish","format-standard","has-post-thumbnail","hentry","category-home-slider","category-mujeres-indigenas"],"_links":{"self":[{"href":"https:\/\/cdes.org.ec\/webantigua\/wp-json\/wp\/v2\/posts\/9315","targetHints":{"allow":["GET"]}}],"collection":[{"href":"https:\/\/cdes.org.ec\/webantigua\/wp-json\/wp\/v2\/posts"}],"about":[{"href":"https:\/\/cdes.org.ec\/webantigua\/wp-json\/wp\/v2\/types\/post"}],"author":[{"embeddable":true,"href":"https:\/\/cdes.org.ec\/webantigua\/wp-json\/wp\/v2\/users\/1"}],"replies":[{"embeddable":true,"href":"https:\/\/cdes.org.ec\/webantigua\/wp-json\/wp\/v2\/comments?post=9315"}],"version-history":[{"count":3,"href":"https:\/\/cdes.org.ec\/webantigua\/wp-json\/wp\/v2\/posts\/9315\/revisions"}],"predecessor-version":[{"id":9323,"href":"https:\/\/cdes.org.ec\/webantigua\/wp-json\/wp\/v2\/posts\/9315\/revisions\/9323"}],"wp:featuredmedia":[{"embeddable":true,"href":"https:\/\/cdes.org.ec\/webantigua\/wp-json\/wp\/v2\/media\/9319"}],"wp:attachment":[{"href":"https:\/\/cdes.org.ec\/webantigua\/wp-json\/wp\/v2\/media?parent=9315"}],"wp:term":[{"taxonomy":"category","embeddable":true,"href":"https:\/\/cdes.org.ec\/webantigua\/wp-json\/wp\/v2\/categories?post=9315"},{"taxonomy":"post_tag","embeddable":true,"href":"https:\/\/cdes.org.ec\/webantigua\/wp-json\/wp\/v2\/tags?post=9315"}],"curies":[{"name":"wp","href":"https:\/\/api.w.org\/{rel}","templated":true}]}}