{"id":9369,"date":"2023-08-10T16:24:28","date_gmt":"2023-08-10T16:24:28","guid":{"rendered":"https:\/\/cdes.org.ec\/webantigua\/?p=9369"},"modified":"2023-08-10T16:24:28","modified_gmt":"2023-08-10T16:24:28","slug":"comunicado-asesinato-de-fernando-villavicencio","status":"publish","type":"post","link":"https:\/\/cdes.org.ec\/webantigua\/comunicado-asesinato-de-fernando-villavicencio\/","title":{"rendered":"Comunicado: asesinato de Fernando Villavicencio"},"content":{"rendered":"<p>Compartimos este comunicado para condenar el asesinato de Fernando Villavicencio, as\u00ed como para llamar la atenci\u00f3n sobre la sistem\u00e1tica violencia que afecta al Ecuador, habiendo ya atentado contra un creciente n\u00famero de actores pol\u00edticos de diversos partidos y tendencias.<\/p>\n<p><a href=\"https:\/\/cdes.org.ec\/webantigua\/wp-content\/uploads\/2023\/08\/ComunicadoporAsesinatoVillavicencio-01.png\"><img decoding=\"async\" class=\"alignnone  wp-image-9373\" src=\"https:\/\/cdes.org.ec\/webantigua\/wp-content\/uploads\/2023\/08\/ComunicadoporAsesinatoVillavicencio-01-240x300.png\" alt=\"\" width=\"710\" height=\"888\" srcset=\"https:\/\/cdes.org.ec\/webantigua\/wp-content\/uploads\/2023\/08\/ComunicadoporAsesinatoVillavicencio-01-200x250.png 200w, https:\/\/cdes.org.ec\/webantigua\/wp-content\/uploads\/2023\/08\/ComunicadoporAsesinatoVillavicencio-01-240x300.png 240w, https:\/\/cdes.org.ec\/webantigua\/wp-content\/uploads\/2023\/08\/ComunicadoporAsesinatoVillavicencio-01-400x500.png 400w, https:\/\/cdes.org.ec\/webantigua\/wp-content\/uploads\/2023\/08\/ComunicadoporAsesinatoVillavicencio-01-600x750.png 600w, https:\/\/cdes.org.ec\/webantigua\/wp-content\/uploads\/2023\/08\/ComunicadoporAsesinatoVillavicencio-01-768x960.png 768w, https:\/\/cdes.org.ec\/webantigua\/wp-content\/uploads\/2023\/08\/ComunicadoporAsesinatoVillavicencio-01-800x1000.png 800w, https:\/\/cdes.org.ec\/webantigua\/wp-content\/uploads\/2023\/08\/ComunicadoporAsesinatoVillavicencio-01-819x1024.png 819w, https:\/\/cdes.org.ec\/webantigua\/wp-content\/uploads\/2023\/08\/ComunicadoporAsesinatoVillavicencio-01.png 1080w\" sizes=\"(max-width: 710px) 100vw, 710px\" \/><\/a><\/p>\n","protected":false},"excerpt":{"rendered":"<p>Compartimos este comunicado para condenar el asesinato de Fernando Villavicencio, [&hellip;]<\/p>\n","protected":false},"author":1,"featured_media":9377,"comment_status":"open","ping_status":"open","sticky":false,"template":"","format":"standard","meta":{"_siteseo_robots_primary_cat":"","_joinchat":[],"footnotes":""},"categories":[79],"tags":[],"class_list":["post-9369","post","type-post","status-publish","format-standard","has-post-thumbnail","hentry","category-derechos-politicos-y-civiles"],"_links":{"self":[{"href":"https:\/\/cdes.org.ec\/webantigua\/wp-json\/wp\/v2\/posts\/9369","targetHints":{"allow":["GET"]}}],"collection":[{"href":"https:\/\/cdes.org.ec\/webantigua\/wp-json\/wp\/v2\/posts"}],"about":[{"href":"https:\/\/cdes.org.ec\/webantigua\/wp-json\/wp\/v2\/types\/post"}],"author":[{"embeddable":true,"href":"https:\/\/cdes.org.ec\/webantigua\/wp-json\/wp\/v2\/users\/1"}],"replies":[{"embeddable":true,"href":"https:\/\/cdes.org.ec\/webantigua\/wp-json\/wp\/v2\/comments?post=9369"}],"version-history":[{"count":6,"href":"https:\/\/cdes.org.ec\/webantigua\/wp-json\/wp\/v2\/posts\/9369\/revisions"}],"predecessor-version":[{"id":9378,"href":"https:\/\/cdes.org.ec\/webantigua\/wp-json\/wp\/v2\/posts\/9369\/revisions\/9378"}],"wp:featuredmedia":[{"embeddable":true,"href":"https:\/\/cdes.org.ec\/webantigua\/wp-json\/wp\/v2\/media\/9377"}],"wp:attachment":[{"href":"https:\/\/cdes.org.ec\/webantigua\/wp-json\/wp\/v2\/media?parent=9369"}],"wp:term":[{"taxonomy":"category","embeddable":true,"href":"https:\/\/cdes.org.ec\/webantigua\/wp-json\/wp\/v2\/categories?post=9369"},{"taxonomy":"post_tag","embeddable":true,"href":"https:\/\/cdes.org.ec\/webantigua\/wp-json\/wp\/v2\/tags?post=9369"}],"curies":[{"name":"wp","href":"https:\/\/api.w.org\/{rel}","templated":true}]}}