{"id":9379,"date":"2023-08-10T17:32:00","date_gmt":"2023-08-10T17:32:00","guid":{"rendered":"https:\/\/cdes.org.ec\/webantigua\/?p=9379"},"modified":"2023-10-04T21:53:59","modified_gmt":"2023-10-04T21:53:59","slug":"cumbre-amazonica-declaracion-de-belem-deja-un-sinsabor-en-los-pueblos-indigenas-y-la-sociedad-civil","status":"publish","type":"post","link":"https:\/\/cdes.org.ec\/webantigua\/cumbre-amazonica-declaracion-de-belem-deja-un-sinsabor-en-los-pueblos-indigenas-y-la-sociedad-civil\/","title":{"rendered":"Cumbre Amaz\u00f3nica: Declaraci\u00f3n de Bel\u00e9m deja un sinsabor en los pueblos ind\u00edgenas y la sociedad civil"},"content":{"rendered":"<div class=\"bulletpoints\">\n<p>Este art\u00edculo informa sobre la Declaraci\u00f3n de Bel\u00e9m, resultado de la Cumbre Amaz\u00f3nica que tuvo lugar del 4 al 8 de agosto de 2023. La declaraci\u00f3n re\u00fane 113 puntos divididos en 18 ejes tem\u00e1ticos y aborda temas como cambio clim\u00e1tico, protecci\u00f3n de los bosques, cooperaci\u00f3n policial y judicial contra actividades il\u00edcitas, econom\u00eda sostenible y derechos humanos.<\/p>\n<p>Sin embargo, el art\u00edculo se\u00f1ala que la declaraci\u00f3n ha sido criticada por especialistas ambientales y l\u00edderes ind\u00edgenas por carecer de compromisos y metas claras. Se considera que el documento es decepcionante y que no aborda temas cruciales como la expansi\u00f3n de la frontera de petr\u00f3leo y gas en la Amazon\u00eda, la cero deforestaci\u00f3n para 2030 y la protecci\u00f3n del 80 % de la Amazon\u00eda para 2025. Adem\u00e1s, se menciona la ausencia de varios presidentes de pa\u00edses amaz\u00f3nicos en la cumbre.<\/p>\n<p>Especialistas y l\u00edderes ind\u00edgenas critican que la declaraci\u00f3n carece de metas concretas y no aborda adecuadamente problemas como la expansi\u00f3n de la industria extractiva y la deforestaci\u00f3n. Tambi\u00e9n se resalta que la declaraci\u00f3n no hace referencia al objetivo del Acuerdo de Par\u00eds de no superar un aumento de temperatura de 1.5 \u00baC.<\/p>\n<p>A pesar de estas cr\u00edticas, el art\u00edculo destaca la importancia de la Cumbre Amaz\u00f3nica como un mecanismo para la toma de decisiones en la OTCA (Organizaci\u00f3n del Tratado de Cooperaci\u00f3n Amaz\u00f3nica). Se menciona que se ha discutido la posibilidad de mecanismos de financiamiento de \u00abcambio de deuda por acci\u00f3n clim\u00e1tica\u00bb y se destaca el enfoque en la protecci\u00f3n de los derechos de los pueblos ind\u00edgenas y la necesidad de abordar la crisis clim\u00e1tica y de biodiversidad en la regi\u00f3n amaz\u00f3nica.<\/p>\n<p>&nbsp;<\/p>\n<ul>\n<li><em>El martes 8 de agosto en la noche se firm\u00f3 y public\u00f3 el documento que re\u00fane los acuerdos de la Cumbre Amaz\u00f3nica. Son 113 puntos reunidos en 18 ejes tem\u00e1ticos.<\/em><\/li>\n<li><em>Especialistas en temas ambientales y l\u00edderes ind\u00edgenas cuestionan la Declaraci\u00f3n de Bel\u00e9m por no tener compromisos ni metas claras. Lo consideran un documento decepcionante.<\/em><\/li>\n<li><em>La Cumbre Amaz\u00f3nica cerr\u00f3 sin la presencia de los presidentes de Colombia, Bolivia y Per\u00fa, quienes solo hicieron presencia el 8 de agosto.<\/em><\/li>\n<\/ul>\n<\/div>\n<p><strong>La Declaraci\u00f3n de Bel\u00e9m que se firm\u00f3 al final del primer d\u00eda de la Cumbre Amaz\u00f3nica ha sido recibida con cuestionamientos y escepticismo.<\/strong>\u00a0Aunque en los d\u00edas previos, durante los Di\u00e1logos Amaz\u00f3nicos se comentaba que el documento ya estaba definido, muchos asistentes de la sociedad civil y los pueblos ind\u00edgenas esperaban que en estos dos d\u00edas se abra un espacio para el di\u00e1logo entre los presidentes que llegaron a esta cita en Brasil.<\/p>\n<p>La Cumbre Amaz\u00f3nica pr\u00e1cticamente qued\u00f3 sellada en su primer d\u00eda con una declaraci\u00f3n oficial que contiene\u00a0<strong>113 puntos divididos en 18 segmentos<\/strong>\u00a0y que incluyen temas como cambio clim\u00e1tico, protecci\u00f3n de los bosques, cooperaci\u00f3n policial, judicial y de inteligencia en la lucha contra las actividades il\u00edcitas, econom\u00eda para el desarrollo sostenible y derechos humanos.<\/p>\n<figure id=\"attachment_244970\" class=\"wp-caption alignnone\" style=\"width: 731px;\"><img decoding=\"async\" class=\"wp-image-244970 \" src=\"https:\/\/imgs.mongabay.com\/wp-content\/uploads\/sites\/25\/2023\/08\/09233654\/Cumbre-Amazonica-Gobierno-de-Brasil-3.jpg\" sizes=\"(max-width: 800px) 100vw, 800px\" srcset=\"https:\/\/imgs.mongabay.com\/wp-content\/uploads\/sites\/25\/2023\/08\/09233654\/Cumbre-Amazonica-Gobierno-de-Brasil-3.jpg 800w, https:\/\/imgs.mongabay.com\/wp-content\/uploads\/sites\/25\/2023\/08\/09233654\/Cumbre-Amazonica-Gobierno-de-Brasil-3-768x588.jpg 768w, https:\/\/imgs.mongabay.com\/wp-content\/uploads\/sites\/25\/2023\/08\/09233654\/Cumbre-Amazonica-Gobierno-de-Brasil-3-610x467.jpg 610w\" alt=\"\" width=\"731\" height=\"560\" \/><figcaption class=\"wp-caption-text\">La Cumbre Amaz\u00f3nica reuni\u00f3 a los presidentes de Brasil, Colombia, Per\u00fa y Bolivia; y ministros de los ocho pa\u00edses integrantes de la OTCA. Foto: Gobierno de Brasil.<\/figcaption><\/figure>\n<p>Sin embargo, el documento no incluye varios de los puntos clave que se conversaron los d\u00edas previos. Uno de ellos, de acuerdo con los especialistas consultados por Mongabay Latam, es la falta de compromisos concretos para detener la expansi\u00f3n de la frontera de petr\u00f3leo y gas en la Amazon\u00eda, propuesta impulsada por el presidente de Colombia, Gustavo Petro, pero que no se incluy\u00f3 en el documento firmado en Bel\u00e9m do Par\u00e1.<\/p>\n<p><strong>Tampoco se logr\u00f3 consenso sobre la propuesta para lograr cero deforestaci\u00f3n para el 2030, una medida impulsada por Brasil y respaldada por Colombia.\u00a0<\/strong>Otra iniciativa que no se mencion\u00f3 fue el pedido de la sociedad civil y los pueblos ind\u00edgenas de proteger el 80 % de la Amazon\u00eda al 2025.<\/p>\n<p>Solo cuatro de los ocho presidentes de pa\u00edses amaz\u00f3nicos que integran la Organizaci\u00f3n del Tratado de Cooperaci\u00f3n Amaz\u00f3nica (OTCA) llegaron a la cumbre. Luiz In\u00e1cio Lula da Silva, de Brasil, anfitri\u00f3n del evento; Gustavo Petro, de Colombia; Dina Boluarte, de Per\u00fa y Luis Arce de Bolivia se dieron cita en Bel\u00e9m. El gran ausente fue Nicol\u00e1s Maduro de Venezuela que suspendi\u00f3 su viaje, seg\u00fan se inform\u00f3, por motivos de salud y envi\u00f3 en su reemplazo a la vicepresidenta Delcy Rodr\u00edguez. De Ecuador y Surinam asistieron sus cancilleres Juan Carlos Holgu\u00edn y Albert Ramdin respectivamente, mientras que de Guyana estuvo presente el primer ministro Mark Phillips.<\/p>\n<figure id=\"attachment_244908\" class=\"wp-caption alignnone\" style=\"width: 732px;\"><img decoding=\"async\" class=\"wp-image-244908 \" src=\"https:\/\/imgs.mongabay.com\/wp-content\/uploads\/sites\/25\/2023\/08\/07133300\/Dialogos-Amazonicos-Gobierno-de-Brasil-5.jpg\" sizes=\"(max-width: 1600px) 100vw, 1600px\" srcset=\"https:\/\/imgs.mongabay.com\/wp-content\/uploads\/sites\/25\/2023\/08\/07133300\/Dialogos-Amazonicos-Gobierno-de-Brasil-5.jpg 1600w, https:\/\/imgs.mongabay.com\/wp-content\/uploads\/sites\/25\/2023\/08\/07133300\/Dialogos-Amazonicos-Gobierno-de-Brasil-5-768x512.jpg 768w, https:\/\/imgs.mongabay.com\/wp-content\/uploads\/sites\/25\/2023\/08\/07133300\/Dialogos-Amazonicos-Gobierno-de-Brasil-5-1200x800.jpg 1200w, https:\/\/imgs.mongabay.com\/wp-content\/uploads\/sites\/25\/2023\/08\/07133300\/Dialogos-Amazonicos-Gobierno-de-Brasil-5-1536x1023.jpg 1536w, https:\/\/imgs.mongabay.com\/wp-content\/uploads\/sites\/25\/2023\/08\/07133300\/Dialogos-Amazonicos-Gobierno-de-Brasil-5-610x406.jpg 610w\" alt=\"\" width=\"732\" height=\"487\" \/><figcaption class=\"wp-caption-text\">Los Di\u00e1logos Amaz\u00f3nicos fue en un espacio para el debate de la sociedad civil y los pueblos originarios. Foto: Gobierno de Brasil.<\/figcaption><\/figure>\n<p>Mongabay Latam sigui\u00f3 de cerca las conversaciones y negociaciones que dieron luz a la Declaraci\u00f3n publicada el martes por la noche, y convers\u00f3 con expertos, l\u00edderes ind\u00edgenas y representantes de organizaciones ambientales que evaluaron cada uno de los puntos incluidos.<\/p>\n<p><strong>Lee m\u00e1s |<\/strong>\u00a0<a href=\"https:\/\/es.mongabay.com\/2023\/08\/dia-internacional-de-los-pueblos-indigenas-jovenes-encabezan-la-defensa-de-naturaleza-latinoamerica\/\" data-wpel-link=\"internal\">D\u00eda Internacional de los Pueblos Ind\u00edgenas: j\u00f3venes encabezan la defensa de la naturaleza en Latinoam\u00e9rica<\/a><\/p>\n<h3>Sin consenso en torno al petr\u00f3leo y la miner\u00eda<\/h3>\n<p>\u201cLa declaraci\u00f3n abarca una serie de temas pero no define ni metas ni indicadores que permitan evaluar avances. Los gobiernos han sido t\u00edmidos en abordar los problemas que ponen a la Amazonia en un punto de no retorno y que podr\u00eda ser pronto una regi\u00f3n fallida si no se adoptan medidas urgentes\u201d, se\u00f1ala Alicia Guzm\u00e1n, codirectora del Programa Amazon\u00eda de\u00a0<a href=\"https:\/\/stand.earth\/\" rel=\"external noopener noreferrer\" data-wpel-link=\"external\">Stand.earth<\/a>, quien estuvo presente en Bel\u00e9m.<\/p>\n<figure id=\"attachment_244905\" class=\"wp-caption alignnone\" style=\"width: 732px;\"><img decoding=\"async\" class=\"wp-image-244905 \" src=\"https:\/\/imgs.mongabay.com\/wp-content\/uploads\/sites\/25\/2023\/08\/07133247\/Dialogos-Amazonicos-Gobierno-de-Brasil-2.jpg\" sizes=\"(max-width: 1600px) 100vw, 1600px\" srcset=\"https:\/\/imgs.mongabay.com\/wp-content\/uploads\/sites\/25\/2023\/08\/07133247\/Dialogos-Amazonicos-Gobierno-de-Brasil-2.jpg 1600w, https:\/\/imgs.mongabay.com\/wp-content\/uploads\/sites\/25\/2023\/08\/07133247\/Dialogos-Amazonicos-Gobierno-de-Brasil-2-768x512.jpg 768w, https:\/\/imgs.mongabay.com\/wp-content\/uploads\/sites\/25\/2023\/08\/07133247\/Dialogos-Amazonicos-Gobierno-de-Brasil-2-1200x800.jpg 1200w, https:\/\/imgs.mongabay.com\/wp-content\/uploads\/sites\/25\/2023\/08\/07133247\/Dialogos-Amazonicos-Gobierno-de-Brasil-2-1536x1023.jpg 1536w, https:\/\/imgs.mongabay.com\/wp-content\/uploads\/sites\/25\/2023\/08\/07133247\/Dialogos-Amazonicos-Gobierno-de-Brasil-2-610x406.jpg 610w\" alt=\"\" width=\"732\" height=\"487\" \/><figcaption class=\"wp-caption-text\">Los pueblos originarios e integrantes de organizaciones ambientalistas se reunieron en los Di\u00e1logos Amaz\u00f3nicos. Foto: Gobierno de Brasil.<\/figcaption><\/figure>\n<p>Guzm\u00e1n tambi\u00e9n menciona que la dependencia de los estados a las industrias extractivas no les ha permitido entender el momento hist\u00f3rico en el que est\u00e1 la regi\u00f3n. \u201cSi bien habla de miner\u00eda, no se toca el tema de la agroindustria y su rol como responsable del 86 % de la deforestaci\u00f3n. El tema petrolero qued\u00f3 por fuera, a pesar de que su rol en la deforestaci\u00f3n y degradaci\u00f3n es de vital importancia para una transici\u00f3n energ\u00e9tica justa. Es una mirada miope\u201d, agrega Guzm\u00e1n.<\/p>\n<p><strong>La referencia a los hidrocarburos en la Declaraci\u00f3n de Bel\u00e9m est\u00e1 expresada en el punto 79,<\/strong>\u00a0pero su abordaje es superficial. Solo se detalla que se debe \u201ciniciar un di\u00e1logo entre los Estados Parte sobre la sostenibilidad de sectores tales como miner\u00eda e hidrocarburos en la Regi\u00f3n Amaz\u00f3nica, en el marco de la Agenda 2030 para el Desarrollo Sostenible y sus pol\u00edticas nacionales soberanas\u201d.<\/p>\n<p>Consultada sobre el tema del petr\u00f3leo, la ministra de Ambiente de Colombia, Susana Muhamad, se\u00f1al\u00f3 que se ha logrado \u201cponer el tema en la agenda\u201d y que por lo conversado en la reuni\u00f3n de presidentes \u201cser\u00e1 un tema que se seguir\u00e1 discutiendo\u201d. Pero dijo que es \u201cun contrasentido\u201d querer salvar la selva, uno de los mayores ecosistemas para absorber carbono y, al mismo tiempo, producir carbono a trav\u00e9s de la explotaci\u00f3n petrolera.<\/p>\n<figure id=\"attachment_244910\" class=\"wp-caption alignnone\" style=\"width: 731px;\"><img decoding=\"async\" class=\"wp-image-244910 \" src=\"https:\/\/imgs.mongabay.com\/wp-content\/uploads\/sites\/25\/2023\/08\/07133848\/Dialogos-Amazonicos-Yvette-Sierra-Praeli-5.jpg\" sizes=\"(max-width: 1534px) 100vw, 1534px\" srcset=\"https:\/\/imgs.mongabay.com\/wp-content\/uploads\/sites\/25\/2023\/08\/07133848\/Dialogos-Amazonicos-Yvette-Sierra-Praeli-5.jpg 1534w, https:\/\/imgs.mongabay.com\/wp-content\/uploads\/sites\/25\/2023\/08\/07133848\/Dialogos-Amazonicos-Yvette-Sierra-Praeli-5-768x752.jpg 768w, https:\/\/imgs.mongabay.com\/wp-content\/uploads\/sites\/25\/2023\/08\/07133848\/Dialogos-Amazonicos-Yvette-Sierra-Praeli-5-610x598.jpg 610w\" alt=\"\" width=\"731\" height=\"716\" \/><figcaption class=\"wp-caption-text\">La Declaraci\u00f3n de Bel\u00e9m ha sido recibida con decepci\u00f3n por los pueblos ind\u00edgenas y las organizaciones ambientalistas. Foto: Yvette Sierra Praeli.<\/figcaption><\/figure>\n<p>\u201cLas explotaciones petroleras son precursoras de deforestaci\u00f3n porque abren v\u00edas y accesos, por tanto, frenar la frontera de explotaci\u00f3n de petr\u00f3leo es un mensaje poderos\u00edsimo de la Amazonia para el mundo\u201d, se\u00f1al\u00f3 Muhamad y agreg\u00f3 que, a\u00fan cuando todos los pa\u00edses, incluido Colombia, tienen petr\u00f3leo en la Amazon\u00eda, lo que se propone desde este pa\u00eds es \u201cque no se abran nuevos bloques. Es un tema que est\u00e1 sobre la mesa y creo que el presidente [Petro] lo dej\u00f3 muy claro\u201d.<\/p>\n<p>En d\u00edas previos a la Cumbre Amaz\u00f3nica, Muhamad convers\u00f3 con Mongabay Latam y precis\u00f3 que los temas claves de Colombia en esta cita eran frenar la expansi\u00f3n de la frontera de hidrocarburos, priorizar la discusi\u00f3n del canje de deuda por naturaleza como uno de los temas estrat\u00e9gicos de financiamiento para la acci\u00f3n clim\u00e1tica y que la deforestaci\u00f3n cero sea un compromiso de los ocho pa\u00edses para no llegar al punto de no retorno. \u201cDebemos tomar en cuenta los insumos del panel cient\u00edfico muy en serio, creemos que hay que actuar de emergencia\u201d, dijo la ministra del Ambiente.<\/p>\n<p>Para Diego Casaes, director de campa\u00f1a de Avaaz,\u00a0<strong>\u201clos presidentes tiraron una gran pelota por la borda al no comprometerse realmente con la deforestaci\u00f3n cero, o incluso con el objetivo com\u00fan de proteger el 80 % de la Amazon\u00eda para 2025;<\/strong>\u00a0propuesta que tiene el apoyo de pueblos ind\u00edgenas, cient\u00edficos y millones de personas\u201d.<\/p>\n<figure id=\"attachment_243247\" class=\"wp-caption alignnone\" style=\"width: 732px;\"><img decoding=\"async\" class=\"wp-image-243247 \" src=\"https:\/\/imgs.mongabay.com\/wp-content\/uploads\/sites\/25\/2023\/06\/09142033\/al3-planta-muerta.jpg\" sizes=\"(max-width: 1435px) 100vw, 1435px\" srcset=\"https:\/\/imgs.mongabay.com\/wp-content\/uploads\/sites\/25\/2023\/06\/09142033\/al3-planta-muerta.jpg 1435w, https:\/\/imgs.mongabay.com\/wp-content\/uploads\/sites\/25\/2023\/06\/09142033\/al3-planta-muerta-768x511.jpg 768w, https:\/\/imgs.mongabay.com\/wp-content\/uploads\/sites\/25\/2023\/06\/09142033\/al3-planta-muerta-1200x800.jpg 1200w, https:\/\/imgs.mongabay.com\/wp-content\/uploads\/sites\/25\/2023\/06\/09142033\/al3-planta-muerta-610x406.jpg 610w\" alt=\"\" width=\"732\" height=\"487\" \/><figcaption class=\"wp-caption-text\">Detener la expansi\u00f3n de la frontera de petr\u00f3leo y gas en la Amazon\u00eda es uno de los temas pendientes de la Declaraci\u00f3n de Bel\u00e9m. Foto: Armando Lara.<\/figcaption><\/figure>\n<p>Cases agrega que se perdi\u00f3 tambi\u00e9n una oportunidad de oro para liderar la lucha contra la emergencia clim\u00e1tica y alinear los objetivos de la regi\u00f3n con los objetivos clim\u00e1ticos globales. \u201cNo hubo compromiso de detener la extracci\u00f3n de petr\u00f3leo en la cuenca, una clara se\u00f1al de que el presidente Lula, y la mayor\u00eda de los Presidentes de la regi\u00f3n, tienen la intenci\u00f3n de continuar con la explotaci\u00f3n de combustibles f\u00f3siles\u201d, agreg\u00f3 y cuestion\u00f3 que la Declaraci\u00f3n de Bel\u00e9m tampoco incluya una referencia al objetivo del Acuerdo de Par\u00eds de no superar 1.5 \u00baC de aumento de temperatura. \u201cNo podemos quedarnos en el campo de las promesas mientras el desplome clim\u00e1tico contin\u00faa. Los esfuerzos diplom\u00e1ticos de Lula en Bel\u00e9m no lograron cumplir con el clima, lo que arroja dudas sobre el liderazgo clim\u00e1tico de Brasil\u201d.<\/p>\n<p><strong>Lee m\u00e1s |\u00a0<\/strong><a href=\"https:\/\/es.mongabay.com\/2023\/08\/cumbre-amazonica-brasil-dario-mejia-entrevista\/\" data-wpel-link=\"internal\">Cumbre amaz\u00f3nica: \u201cEl riesgo enorme es que la discusi\u00f3n est\u00e9 d\u00e1ndose sobre el riel de la econom\u00eda y no sobre el riel de los derechos\u201d | ENTREVISTA<\/a><\/p>\n<h3>Sin metas claras para frenar la deforestaci\u00f3n<\/h3>\n<p>Durante la plenaria que abri\u00f3 la cumbre tambi\u00e9n estuvieron presentes integrantes de la sociedad civil que participaron en los Di\u00e1logos Amaz\u00f3nicos en los d\u00edas previos, as\u00ed como en la Asamblea de los Pueblos que se realiz\u00f3 en paralelo. Ellos presentaron los acuerdos que se tomaron durante esos tres d\u00edas.<\/p>\n<figure id=\"attachment_244971\" class=\"wp-caption alignnone\" style=\"width: 731px;\"><img decoding=\"async\" class=\"wp-image-244971 \" src=\"https:\/\/imgs.mongabay.com\/wp-content\/uploads\/sites\/25\/2023\/08\/09235728\/Dialogos-Amazonicos-Gobierno-de-Brasil-5-1.jpg\" sizes=\"(max-width: 799px) 100vw, 799px\" srcset=\"https:\/\/imgs.mongabay.com\/wp-content\/uploads\/sites\/25\/2023\/08\/09235728\/Dialogos-Amazonicos-Gobierno-de-Brasil-5-1.jpg 799w, https:\/\/imgs.mongabay.com\/wp-content\/uploads\/sites\/25\/2023\/08\/09235728\/Dialogos-Amazonicos-Gobierno-de-Brasil-5-1-768x512.jpg 768w, https:\/\/imgs.mongabay.com\/wp-content\/uploads\/sites\/25\/2023\/08\/09235728\/Dialogos-Amazonicos-Gobierno-de-Brasil-5-1-610x407.jpg 610w\" alt=\"\" width=\"731\" height=\"488\" \/><figcaption class=\"wp-caption-text\">Una de las demandas principales de los pueblos originarios de los pa\u00edses amaz\u00f3nicos durante los Di\u00e1logos Amaz\u00f3nicos ha sido que se concrete la titulaci\u00f3n pendiente de sus territorios. Foto: Gobierno de Brasil.<\/figcaption><\/figure>\n<p>Pablo Sol\u00f3n, de la Fundaci\u00f3n Sol\u00f3n, en Bolivia, se\u00f1al\u00f3 que la meta de cero deforestaci\u00f3n era insuficiente, por tanto, \u201ces necesario proteger el 80 % de la Amazon\u00eda para 2025, esto significa recuperar la tierra del fuego y los monocultivos\u201d. Durante su mensaje record\u00f3 los incendios que ocurren en su pa\u00eds y que est\u00e1n terminando con la selva. \u201cBusco hablar desde la perspectiva de la naturaleza. De todas las muertes, la m\u00e1s dolorosa es morir calcinado. Pero en la Amazon\u00eda abundan las hogueras\u201d, coment\u00f3.<\/p>\n<p><strong>La meta de lograr cero deforestaci\u00f3n apenas se menciona en el documento en la secci\u00f3n 45, donde se detalla que \u201cestablecer la Alianza Amaz\u00f3nica de Combate a la Deforestaci\u00f3n entre los Estados Parte,<\/strong>\u00a0para impulsar la cooperaci\u00f3n regional en la lucha contra la deforestaci\u00f3n, con la finalidad de evitar que la Amazon\u00eda llegue al punto de no retorno, reconociendo y fomentando el cumplimiento de las metas nacionales, incluidas aquellas de deforestaci\u00f3n cero\u201d.<\/p>\n<p>F\u00e1tima Monasterio, coordinadora del Foro Social Panamaz\u00f3nico (Fospa) esperaba \u201cmedidas m\u00e1s fuertes y concretas respecto a la deforestaci\u00f3n, sobre todo porque Brasil lo ven\u00eda promoviendo de manera p\u00fablica y potente. Pero [no hubo] nada concreto como esper\u00e1bamos. Aun as\u00ed, creo que se abre una discusi\u00f3n regional conjunta respecto a la Amazon\u00eda dentro de la discusi\u00f3n clim\u00e1tica global\u201d.<\/p>\n<figure id=\"attachment_244972\" class=\"wp-caption alignnone\" style=\"width: 731px;\"><img decoding=\"async\" class=\"wp-image-244972 \" src=\"https:\/\/imgs.mongabay.com\/wp-content\/uploads\/sites\/25\/2023\/08\/09235916\/Asamblea-de-los-Pueblos-Foto-Denisse-Linares-DAR-.jpg\" sizes=\"(max-width: 1024px) 100vw, 1024px\" srcset=\"https:\/\/imgs.mongabay.com\/wp-content\/uploads\/sites\/25\/2023\/08\/09235916\/Asamblea-de-los-Pueblos-Foto-Denisse-Linares-DAR-.jpg 1024w, https:\/\/imgs.mongabay.com\/wp-content\/uploads\/sites\/25\/2023\/08\/09235916\/Asamblea-de-los-Pueblos-Foto-Denisse-Linares-DAR--768x432.jpg 768w, https:\/\/imgs.mongabay.com\/wp-content\/uploads\/sites\/25\/2023\/08\/09235916\/Asamblea-de-los-Pueblos-Foto-Denisse-Linares-DAR--610x343.jpg 610w\" alt=\"\" width=\"731\" height=\"411\" \/><figcaption class=\"wp-caption-text\">Del 4 al 8 de agosto se realiz\u00f3 la Asamblea de los Pueblos, un evento paralelo a la Cumbre Amaz\u00f3nica. Foto: Denisse Linares \/ DAR.<\/figcaption><\/figure>\n<p>Fospa, junto con la Red Eclesial Panamaz\u00f3nica (Repam), organizaron la Asamblea de los Pueblos que se realiz\u00f3 del 4 al 8 de agosto tambi\u00e9n en Bel\u00e9m do Par\u00e1. La cita reuni\u00f3 a l\u00edderes ind\u00edgenas y movimientos sociales de todos los pa\u00edses amaz\u00f3nicos y culmin\u00f3 con un pronunciamiento de 29 puntos entre los que se mencionan \u201cderogar y abrogar las leyes y disposiciones legales que promueven la destrucci\u00f3n de la Amazon\u00eda; titular el 100 % de las reivindicaciones territoriales de los pueblos ind\u00edgenas, afrodescendientes, quilombolas y comunidades tradicionales, garantizando la seguridad integral\u00a0 jur\u00eddica y f\u00edsica\u00a0 de la propiedad colectiva, as\u00ed como la protecci\u00f3n territorial de los pueblos ind\u00edgenas en aislamiento voluntario\u201d.<\/p>\n<p>Adem\u00e1s, solicitaron a los gobiernos frenar la expansi\u00f3n de la frontera agropecuaria,\u00a0 promover un plan de transici\u00f3n para salvar la Amazon\u00eda de la miner\u00eda ilegal y la contaminaci\u00f3n por mercurio y prohibir las actividades mineras en \u00e1reas protegidas y territorios ind\u00edgenas, ancestrales y comunitarios, entre otros temas.<\/p>\n<p>Esas propuestas no estuvieron cerca de ser tenidas en cuenta en la Cumbre. \u201cEsper\u00e1bamos m\u00e1s [de la Cumbre] y las divergencias han sido preocupantes. Hoy es el D\u00eda Internacional de los Pueblos Ind\u00edgenas y esper\u00e1bamos anuncios de demarcaci\u00f3n de territorios y otras pol\u00edticas concretas. No somos responsables de la crisis clim\u00e1tica, pero somos responsables de proteger la vida en el planeta. Los gobiernos deben estar m\u00e1s comprometidos con los pueblos ind\u00edgenas\u201d, se\u00f1al\u00f3 Auric\u00e9lia Arapiuns, coordinadora del Consejo Ind\u00edgena Tapaj\u00f3s y Arapiuns de Brasil.<\/p>\n<figure id=\"attachment_243907\" class=\"wp-caption alignnone\" style=\"width: 732px;\"><img decoding=\"async\" class=\"wp-image-243907 \" src=\"https:\/\/imgs.mongabay.com\/wp-content\/uploads\/sites\/25\/2023\/07\/03233925\/Via-Auca-Ecuador-2.jpg\" sizes=\"(max-width: 1800px) 100vw, 1800px\" srcset=\"https:\/\/imgs.mongabay.com\/wp-content\/uploads\/sites\/25\/2023\/07\/03233925\/Via-Auca-Ecuador-2.jpg 1800w, https:\/\/imgs.mongabay.com\/wp-content\/uploads\/sites\/25\/2023\/07\/03233925\/Via-Auca-Ecuador-2-768x576.jpg 768w, https:\/\/imgs.mongabay.com\/wp-content\/uploads\/sites\/25\/2023\/07\/03233925\/Via-Auca-Ecuador-2-1536x1151.jpg 1536w, https:\/\/imgs.mongabay.com\/wp-content\/uploads\/sites\/25\/2023\/07\/03233925\/Via-Auca-Ecuador-2-610x457.jpg 610w\" alt=\"La deforestaci\u00f3n para la agricultura intensiva o la ganader\u00eda genera un gran da\u00f1o en el suelo amaz\u00f3nico, pobre en nutrientes. Foto: Rhett A. Butler.\" width=\"732\" height=\"548\" \/><figcaption class=\"wp-caption-text\">La meta de cero deforestaci\u00f3n apenas se menciona en la Declaraci\u00f3n de Bel\u00e9m. Foto: Rhett A. Butler.<\/figcaption><\/figure>\n<p>Jammer Manihuari, representante de la Coordinadora de las Organizaciones Ind\u00edgenas de la Cuenca Amaz\u00f3nica (Coica), cuestion\u00f3 que el trabajo desarrollado por las organizaciones ind\u00edgenas previo al encuentro y el trabajo cient\u00edfico que se llev\u00f3 a la reuni\u00f3n de Leticia, realizada del 6 al 8 de julio de 2023, no quedaron claros en la Declaraci\u00f3n de Bel\u00e9m.<\/p>\n<p>\u201cSe consideraron varios temas que aquejan a los pueblos ind\u00edgenas como la seguridad jur\u00eddica de las comunidades a nivel de los nueve pa\u00edses amaz\u00f3nicos de Latinoam\u00e9rica as\u00ed como el hecho de que la econom\u00eda ind\u00edgena simplemente est\u00e1 quedando en documentos construidos que, como siempre, son acuerdos que nunca han podido ser implementados. Eso lo tenemos de cada experiencia como sucedi\u00f3 en Leticia, el caso Escaz\u00fa y los acuerdos clim\u00e1ticos que se vienen dando entre gobiernos y que no se implementan con acciones concretas\u201d, dijo Manihuari.<\/p>\n<p>Para Uyunkar Domingo Peas Nampichkai, l\u00edder ind\u00edgena achuar de Ecuador y presidente de la Alianza Sagrada de la Amazon\u00eda, \u201csi los gobiernos son serios en querer proteger la Amazon\u00eda y todas las vidas que viven en ella, es clave recordar que el 80 % de la biodiversidad vive en territorios ind\u00edgenas y que necesitan ser protegidos, asegurando la titulaci\u00f3n territorial\u201d.<\/p>\n<figure id=\"attachment_244909\" class=\"wp-caption alignnone\" style=\"width: 731px;\"><img decoding=\"async\" class=\"wp-image-244909 \" src=\"https:\/\/imgs.mongabay.com\/wp-content\/uploads\/sites\/25\/2023\/08\/07133306\/Dialogos-Amazonicos-Yvette-Sierra-Praeli-1.jpg\" sizes=\"(max-width: 2000px) 100vw, 2000px\" srcset=\"https:\/\/imgs.mongabay.com\/wp-content\/uploads\/sites\/25\/2023\/08\/07133306\/Dialogos-Amazonicos-Yvette-Sierra-Praeli-1.jpg 2000w, https:\/\/imgs.mongabay.com\/wp-content\/uploads\/sites\/25\/2023\/08\/07133306\/Dialogos-Amazonicos-Yvette-Sierra-Praeli-1-768x576.jpg 768w, https:\/\/imgs.mongabay.com\/wp-content\/uploads\/sites\/25\/2023\/08\/07133306\/Dialogos-Amazonicos-Yvette-Sierra-Praeli-1-1536x1152.jpg 1536w, https:\/\/imgs.mongabay.com\/wp-content\/uploads\/sites\/25\/2023\/08\/07133306\/Dialogos-Amazonicos-Yvette-Sierra-Praeli-1-610x458.jpg 610w\" alt=\"\" width=\"731\" height=\"549\" \/><figcaption class=\"wp-caption-text\">Los Di\u00e1logos Amaz\u00f3nicos reunieron a miles de personas de los pa\u00edses amaz\u00f3nicos en Bel\u00e9m do Par\u00e1, en Brasil. Foto: Yvette Sierra Praeli.<\/figcaption><\/figure>\n<p>Es por todo esto que la declaraci\u00f3n de Bel\u00e9m es extremadamente gen\u00e9rica \u2014se\u00f1ala Ilan Zugman, de la organizaci\u00f3n 350 Acci\u00f3n Clim\u00e1tica\u2014. \u201cFaltan metas claras y ambiciosas con hitos claves para llegar a ellas. Y no hay una hoja de ruta sobre c\u00f3mo se alcanzar\u00e1n. La declaraci\u00f3n es decepcionante, especialmente dentro de toda la urgencia que estamos viviendo, la situaci\u00f3n actual de la Amazon\u00eda y del cambio clim\u00e1tico de manera general\u201d, asegura.<\/p>\n<p>El 9 de agosto, \u00faltimo d\u00eda de la Cumbre Amaz\u00f3nica, cerr\u00f3 sin la presencia de los presidentes de Per\u00fa, Colombia y Bolivia. Durante el d\u00eda, el presidente de Brasil, Lula da Silva, estuvo en la plenaria con los presidentes de la Rep\u00fablica Democr\u00e1tica del Congo, Felix-Antoine Tshilombo; y la Rep\u00fablica del Congo, Denis Sassou; ministros de los pa\u00edses amaz\u00f3nicos, representantes de organismos internacionales y el sult\u00e1n Ahmed al-Jaber, de los Emiratos \u00c1rabes y presidente de la Conferencia de las Naciones Unidas para el Clima (COP 28), que se realizar\u00e1 a fines de este a\u00f1o.<\/p>\n<p><strong>Lee m\u00e1s |\u00a0<\/strong><a href=\"https:\/\/es.mongabay.com\/2023\/07\/ecuador-defensor-segundo-ordonez-recibe-premio-por-lucha-contra-esclavitud\/\" data-wpel-link=\"internal\">Ecuador: defensor de derechos humanos recibe premio por su lucha contra la esclavitud moderna en el campo<\/a><\/p>\n<h3>Las expectativas que se abren con la Cumbre<\/h3>\n<p>Monasterio considera positivo que se haya establecido esta reuni\u00f3n de presidentes como un mecanismo para la toma de decisiones de la OTCA. \u201cEl \u00faltimo punto de la declaraci\u00f3n es la invitaci\u00f3n del presidente Petro para que la pr\u00f3xima cumbre de presidentes sea en Colombia en agosto del a\u00f1o 2025, previamente a la COP 30 que ser\u00e1 aqu\u00ed en Bel\u00e9m. Lo que nos est\u00e1 mostrando, no solo la declaraci\u00f3n, sino todo lo que viene sucediendo alrededor de esta cumbre de presidentes amaz\u00f3nicos es c\u00f3mo la regi\u00f3n, un poco liderada por Lula y por Petro, est\u00e1 empezando a discutir, de manera integral, como regi\u00f3n, lo que va a suceder en las discusiones clim\u00e1ticas. La mirada est\u00e1 claramente puesta en la pr\u00f3xima COP\u201d.<\/p>\n<figure id=\"attachment_244904\" class=\"wp-caption alignnone\" style=\"width: 736px;\"><img decoding=\"async\" class=\"wp-image-244904 \" src=\"https:\/\/imgs.mongabay.com\/wp-content\/uploads\/sites\/25\/2023\/08\/07133242\/Dialogos-Amazonicos-Gobierno-de-Brasil.jpg\" sizes=\"(max-width: 1024px) 100vw, 1024px\" srcset=\"https:\/\/imgs.mongabay.com\/wp-content\/uploads\/sites\/25\/2023\/08\/07133242\/Dialogos-Amazonicos-Gobierno-de-Brasil.jpg 1024w, https:\/\/imgs.mongabay.com\/wp-content\/uploads\/sites\/25\/2023\/08\/07133242\/Dialogos-Amazonicos-Gobierno-de-Brasil-768x512.jpg 768w, https:\/\/imgs.mongabay.com\/wp-content\/uploads\/sites\/25\/2023\/08\/07133242\/Dialogos-Amazonicos-Gobierno-de-Brasil-610x406.jpg 610w\" alt=\"\" width=\"736\" height=\"488\" \/><figcaption class=\"wp-caption-text\">Especialistas destacan que la Declaraci\u00f3n de Bel\u00e9m busque garantizar los derechos de los pueblos originarios. Foto: Gobierno de Brasil.<\/figcaption><\/figure>\n<p>Otro tema importante que destaca Monasterio es la propuesta de los mecanismos de financiamiento de \u201ccambio de deuda por acci\u00f3n clim\u00e1tica que empieza a discutirse. No sabemos bien de qu\u00e9 se trata la propuesta pero sabemos que es una bandera que ha sido medianamente introducida al menos en la declaraci\u00f3n\u201d.<\/p>\n<p>La secci\u00f3n 36 de la Declaraci\u00f3n de Bel\u00e9m se\u00f1ala que se promover\u00e1 \u201cmecanismos innovadores de financiaci\u00f3n para la acci\u00f3n clim\u00e1tica, entre los que se podr\u00eda considerar el papel, por parte de los pa\u00edses desarrollados, de la deuda para la acci\u00f3n clim\u00e1tica\u201d.<\/p>\n<p>Para Diego Casaes, de Avaaz, la menci\u00f3n de las salvaguardas para los derechos ind\u00edgenas, y el llamado a la demarcaci\u00f3n y protecci\u00f3n jur\u00eddica en sus territorios es un tema a destacar.\u00a0<strong>\u201cEste es el resultado de a\u00f1os de lucha de las organizaciones ind\u00edgenas\u201d, comenta.<\/strong><\/p>\n<p>Los territorios ind\u00edgenas est\u00e1n considerados en varias de las secciones de la Declaraci\u00f3n de Bel\u00e9m. Se menciona en la secci\u00f3n 47 que se garantizar\u00e1n los derechos de los pueblos ind\u00edgenas, de las comunidades locales y tradicionales, incluido el derecho a los territorios y tierras que habitan dichos pueblos. Adem\u00e1s, en otro ac\u00e1pite se garantiza la protecci\u00f3n de los \u201cderechos humanos de los pueblos ind\u00edgenas y los derechos colectivos sobre sus territorios y tierras ubicados en la Regi\u00f3n Amaz\u00f3nica, especialmente los pueblos ind\u00edgenas en aislamiento y en contacto inicial\u201d.<\/p>\n<figure id=\"attachment_244906\" class=\"wp-caption alignnone\" style=\"width: 731px;\"><img decoding=\"async\" class=\"wp-image-244906 \" src=\"https:\/\/imgs.mongabay.com\/wp-content\/uploads\/sites\/25\/2023\/08\/07133252\/Dialogos-Amazonicos-Gobierno-de-Brasil-3.jpg\" sizes=\"(max-width: 1600px) 100vw, 1600px\" srcset=\"https:\/\/imgs.mongabay.com\/wp-content\/uploads\/sites\/25\/2023\/08\/07133252\/Dialogos-Amazonicos-Gobierno-de-Brasil-3.jpg 1600w, https:\/\/imgs.mongabay.com\/wp-content\/uploads\/sites\/25\/2023\/08\/07133252\/Dialogos-Amazonicos-Gobierno-de-Brasil-3-768x512.jpg 768w, https:\/\/imgs.mongabay.com\/wp-content\/uploads\/sites\/25\/2023\/08\/07133252\/Dialogos-Amazonicos-Gobierno-de-Brasil-3-1200x800.jpg 1200w, https:\/\/imgs.mongabay.com\/wp-content\/uploads\/sites\/25\/2023\/08\/07133252\/Dialogos-Amazonicos-Gobierno-de-Brasil-3-1536x1023.jpg 1536w, https:\/\/imgs.mongabay.com\/wp-content\/uploads\/sites\/25\/2023\/08\/07133252\/Dialogos-Amazonicos-Gobierno-de-Brasil-3-610x406.jpg 610w\" alt=\"\" width=\"731\" height=\"487\" \/><figcaption class=\"wp-caption-text\">Bel\u00e9m do Par\u00e1 en Brasil se convirti\u00f3 en el centro de las discusiones sobre los problemas de la Amazon\u00eda. Foto: Gobierno de Brasil.<\/figcaption><\/figure>\n<p>Un punto adicional referido a los territorios ind\u00edgenas es la adopci\u00f3n de medidas para prevenir y evitar los impactos negativos de los proyectos de infraestructura en las tierras y territorios ind\u00edgenas y tradicionales, as\u00ed como garantizar un entorno seguro y propicio en el que las personas, grupos y organizaciones que promueven y defienden los derechos humanos, el medio ambiente, las tierras, territorios y recursos de los pueblos ind\u00edgenas y los derechos culturales, puedan actuar libres de racismo, violencia, discriminaci\u00f3n, amenazas e inseguridad.<\/p>\n<p>\u201cLa coincidencia entre los jefes de Estado sobre la necesidad urgente de actuar para detener el punto de inflexi\u00f3n amaz\u00f3nico, como prioridad regional y global, reafirma la voluntad de fortalecer la cooperaci\u00f3n regional para enfrentar la crisis clim\u00e1tica y de biodiversidad; este fue uno de los logros destacables de la Cumbre\u201d, se\u00f1ala Ximena Barrera, directora de Relaciones de Gobierno y Asuntos Internacionales del Fondo Mundial para la Naturaleza (WWF por sus siglas en ingl\u00e9s).<\/p>\n<p>Barrera destaca tambi\u00e9n el fortalecimiento de la OTCA, \u201cinstituci\u00f3n que ser\u00e1 clave para responder articuladamente a este \u00a0 momento\u00a0 apremiante y\u00a0 esencial en la lucha contra la deforestaci\u00f3n y la miner\u00eda ilegal, dos de las mayores amenazas para la Amazonia, as\u00ed como para el reconocimiento de las \u00e1reas protegidas y territorios ind\u00edgenas\u201d.<\/p>\n<p>Es necesario avanzar en los pr\u00f3ximos espacios internacionales y definir una\u00a0 meta unificada para detener la p\u00e9rdida de nuestros bosques \u2014agrega Barrera\u2014 con base en el compromiso claro de Colombia y Brasil para el 2030. \u201cEl objetivo com\u00fan debe ser conservar el 80 % de la Amazon\u00eda, una meta compartida que busca evitar el punto de no retorno y que subraya la importancia de reconocer y proteger las \u00e1reas protegidas y los territorios ind\u00edgenas\u201d.<\/p>\n<p><em><strong>Imagen principal:<\/strong>\u00a0Presidentes y representantes de los pa\u00edses amaz\u00f3nicos junto con miembros de organizaciones ambientalistas y pueblos ind\u00edgenas durante la Cumbre Amaz\u00f3nica que se realiz\u00f3 en Bel\u00e9m do Par\u00e1 en Brasil.\u00a0<strong>Foto:<\/strong>\u00a0Gobierno de Brasil.<\/em><\/p>\n","protected":false},"excerpt":{"rendered":"<p>Este art\u00edculo informa sobre la Declaraci\u00f3n de Bel\u00e9m, resultado de [&hellip;]<\/p>\n","protected":false},"author":1,"featured_media":9382,"comment_status":"open","ping_status":"open","sticky":false,"template":"","format":"standard","meta":{"_siteseo_robots_primary_cat":"","_joinchat":[],"footnotes":""},"categories":[12],"tags":[],"class_list":["post-9379","post","type-post","status-publish","format-standard","has-post-thumbnail","hentry","category-justiciaambiental"],"_links":{"self":[{"href":"https:\/\/cdes.org.ec\/webantigua\/wp-json\/wp\/v2\/posts\/9379","targetHints":{"allow":["GET"]}}],"collection":[{"href":"https:\/\/cdes.org.ec\/webantigua\/wp-json\/wp\/v2\/posts"}],"about":[{"href":"https:\/\/cdes.org.ec\/webantigua\/wp-json\/wp\/v2\/types\/post"}],"author":[{"embeddable":true,"href":"https:\/\/cdes.org.ec\/webantigua\/wp-json\/wp\/v2\/users\/1"}],"replies":[{"embeddable":true,"href":"https:\/\/cdes.org.ec\/webantigua\/wp-json\/wp\/v2\/comments?post=9379"}],"version-history":[{"count":2,"href":"https:\/\/cdes.org.ec\/webantigua\/wp-json\/wp\/v2\/posts\/9379\/revisions"}],"predecessor-version":[{"id":9383,"href":"https:\/\/cdes.org.ec\/webantigua\/wp-json\/wp\/v2\/posts\/9379\/revisions\/9383"}],"wp:featuredmedia":[{"embeddable":true,"href":"https:\/\/cdes.org.ec\/webantigua\/wp-json\/wp\/v2\/media\/9382"}],"wp:attachment":[{"href":"https:\/\/cdes.org.ec\/webantigua\/wp-json\/wp\/v2\/media?parent=9379"}],"wp:term":[{"taxonomy":"category","embeddable":true,"href":"https:\/\/cdes.org.ec\/webantigua\/wp-json\/wp\/v2\/categories?post=9379"},{"taxonomy":"post_tag","embeddable":true,"href":"https:\/\/cdes.org.ec\/webantigua\/wp-json\/wp\/v2\/tags?post=9379"}],"curies":[{"name":"wp","href":"https:\/\/api.w.org\/{rel}","templated":true}]}}