{"id":9418,"date":"2023-09-11T18:25:01","date_gmt":"2023-09-11T18:25:01","guid":{"rendered":"https:\/\/cdes.org.ec\/webantigua\/?p=9418"},"modified":"2024-04-03T13:57:14","modified_gmt":"2024-04-03T13:57:14","slug":"boletin-cdes-sobre-los-primeros-resultados-de-la-visita-del-relator-especial-sobre-pobreza-extrema-de-naciones-unidas","status":"publish","type":"post","link":"https:\/\/cdes.org.ec\/webantigua\/boletin-cdes-sobre-los-primeros-resultados-de-la-visita-del-relator-especial-sobre-pobreza-extrema-de-naciones-unidas\/","title":{"rendered":"Bolet\u00edn CDES sobre los primeros resultados de la visita del Relator Especial sobre pobreza extrema de Naciones Unidas"},"content":{"rendered":"<p>El Relator Especial sobre pobreza extrema y derechos humanos de las Naciones Unidas, el Sr. Olivier De Schutter, concluy\u00f3 recientemente una visita oficial a Ecuador que abarc\u00f3 desde el 28 de agosto hasta el 8 de septiembre de 2023. Durante su estancia el Relator Especial mantuvo una serie de encuentros que pusieron de relieve las complejas cuestiones relacionadas con la pobreza extrema y los derechos humanos en la naci\u00f3n ecuatoriana.<\/p>\n<p>El 28 de agosto, se llev\u00f3 a cabo una significativa reuni\u00f3n en las oficinas del Coordinador Residente del Sistema de Naciones Unidas en Ecuador, donde el CDES (Centro de Derechos Econ\u00f3micos y Sociales) y otras organizaciones se encontraron con el Relator Especial. En este encuentro, se abordaron diversos temas de importancia para el trabajo del Relator, incluyendo cuestiones cruciales como la deuda externa y sus canjes, la justicia fiscal y la evaluaci\u00f3n de \u00edndices de pobreza entre grupos vulnerables en la sociedad ecuatoriana.<\/p>\n<p>Al t\u00e9rmino de su extensa visita de dos semanas al pa\u00eds, el Relator Especial hizo un llamado urgente a las autoridades ecuatorianas para que aumenten significativamente sus inversiones en \u00e1reas fundamentales como la educaci\u00f3n, la atenci\u00f3n m\u00e9dica y la protecci\u00f3n social. Estas recomendaciones buscan abordar de manera efectiva los desaf\u00edos persistentes relacionados con la pobreza, la seguridad y garantizar el respeto integral de los derechos humanos en Ecuador.<\/p>\n<p>En este peque\u00f1o art\u00edculo, presentamos las principales preocupaciones planteadas por el Sr. Olivier De Schutter durante su visita, destacando los puntos clave abordados en su rueda de prensa del 8 de septiembre y resaltando la importancia de las discusiones sostenidas durante la reuni\u00f3n del 28 de agosto con el CDES y otras organizaciones comprometidas en la lucha contra la pobreza extrema en Ecuador. A continuaci\u00f3n, presentamos un resumen con citas textuales (los subrayados son nuestros) de los temas seguidos por CDES:<\/p>\n<h1>El contexto de la visita<\/h1>\n<p><em>\u00b4El Relator Especial comprende las preocupaciones que suscita el <strong>deterioro de la seguridad en el pa\u00eds, donde la tasa de homicidios ha aumentado r\u00e1pidamente y se ha evidenciado un preocupante aumento del papel del narcotr\u00e1fico<\/strong>. Sin embargo, la respuesta a esta tendencia no puede ser \u00fanicamente fortalecer la aplicaci\u00f3n de la ley. <strong>La necesidad de enfrentar al crimen organizado no deber\u00eda opacar los importantes v\u00ednculos entre las condiciones socioecon\u00f3micas y el aumento de la delincuencia<\/strong>. Es posible que est\u00e9 surgiendo un c\u00edrculo vicioso. La falta de oportunidades laborales hace que los j\u00f3venes sean presa f\u00e1cil para ser reclutados por bandas criminales y hace que el crimen, incluido el contrabando de mercanc\u00edas a trav\u00e9s de las fronteras, se convierta en una opci\u00f3n deseable. La inseguridad, a su vez, agrava la pobreza, ya que las empresas son objeto de extorsi\u00f3n en forma de &#8216;vacunas&#8217;; las escuelas son tan inseguras que algunos padres retiran a sus hijos; y la inseguridad y las malas perspectivas econ\u00f3micas promueven la migraci\u00f3n, particularmente hacia los Estados Unidos. Seg\u00fan algunas estimaciones, 280.000 ecuatorianos han abandonado el pa\u00eds desde 2021, utilizando ahora rutas terrestres que, aunque peligrosas y largas, son asequibles para una mayor diversidad de migrantes. El c\u00edrculo vicioso que vincula la inseguridad y la pobreza puede romperse si el pa\u00eds invierte m\u00e1s en su gente y ofrece mejores perspectivas a los j\u00f3venes. <\/em><\/p>\n<p><em>Los resultados de las elecciones del 20 de agosto ofrecen una segunda lecci\u00f3n: <strong>la era del extractivismo podr\u00eda estar llegando a su fin<\/strong>. El d\u00eda de las elecciones se realizaron consultas populares respecto a si se deb\u00eda o no prohibir la explotaci\u00f3n petrolera en el Parque Nacional Yasun\u00ed , y sobre si se deb\u00eda o no prohibir la miner\u00eda met\u00e1lica en el Choc\u00f3 Andino, en la provincia de Pichincha. El 58,95 por ciento de los m\u00e1s de 13 millones de electores votaron a favor de prohibir la explotaci\u00f3n petrolera en el Parque Nacional Yasun\u00ed, y el 68 por ciento de los electores que resid\u00edan en los municipios involucrados votaron a favor de prohibir la miner\u00eda met\u00e1lica en el Choc\u00f3 Andino. <\/em><\/p>\n<p><strong><em>El mandato expresado por los votantes es claro: el pa\u00eds debe superar el extractivismo<\/em><\/strong><em>. De hecho, adem\u00e1s de las fuertes mayor\u00edas contra la explotaci\u00f3n petrolera en el Parque Nacional Yasun\u00ed y la extracci\u00f3n de minerales en el Choc\u00f3 Andino, el Relator Especial se reuni\u00f3 con un gran n\u00famero de personas y grupos que expresaron su descontento frente a los impactos de la industria extractiva. En las provincias de Chimborazo y Pastaza, las comunidades ind\u00edgenas explicaron que los proyectos mineros contaminaron los suelos y las fuentes de agua de las que dependen para la producci\u00f3n agr\u00edcola. Otros grupos presentaron al Relator Especial ejemplos de proyectos mineros, tanto legales como ilegales, que afectan su acceso a los recursos.\u00b4<\/em><\/p>\n<h1>Protecci\u00f3n social<\/h1>\n<p><em>\u00b4<\/em> <em>Ecuador gasta el 9,6% de su PIB en protecci\u00f3n social, <strong>la atenci\u00f3n m\u00e9dica representa el 4,4% del PIB y otras protecciones sociales el 5,2%. Se trata de una proporci\u00f3n inferior al promedio de Am\u00e9rica Latina y el Caribe (que ronda el 14% del PIB)<\/strong>. <strong>Adem\u00e1s, Ecuador invierte muy poco en ni\u00f1os y adultos en edad de trabajar<\/strong>; la mayor parte de su presupuesto de protecci\u00f3n social beneficia a los mayores de 65 a\u00f1os, quienes s\u00f3lo representan el 8% de la poblaci\u00f3n.<\/em>\u00b4<\/p>\n<h1>Pobreza y desigualdad<\/h1>\n<ul>\n<li><strong>Incumplimiento de metas<\/strong>.<\/li>\n<\/ul>\n<p>\u00b4<em>A pesar del compromiso del gobierno de reducir del 70% al 55% la pobreza multidimensional rural, centr\u00e1ndose en los pueblos ind\u00edgenas, afroecuatorianos y grupos vulnerables, <strong>el objetivo est\u00e1 lejos de cumplirse. Las principales deficiencias son la falta de acceso al agua y al saneamiento, la desnutrici\u00f3n infantil cr\u00f3nica, el empleo precario, la insuficiente cobertura de protecci\u00f3n social, la baja calidad de la educaci\u00f3n y las viviendas precarias<\/strong>.\u00b4<\/em><\/p>\n<ul>\n<li><strong>Ind\u00edgenas y afroecuatorianos los m\u00e1s afectados<\/strong>.<\/li>\n<\/ul>\n<p>\u00b4<strong><em>Los miembros de la comunidad afroecuatoriana y los grupos ind\u00edgenas tambi\u00e9n se ven afectados de manera desproporcionada por la pobreza<\/em><\/strong><em>. La pobreza que experimentan quienes se autoidentifican como ind\u00edgenas aument\u00f3 del 52,68% en 2021 al 54,26% en 2022. Los afroecuatorianos experimentan el segundo porcentaje m\u00e1s alto de pobreza por ingresos, que afecta al 33,77% de su poblaci\u00f3n. La discriminaci\u00f3n institucionalizada y el racismo, el desempleo y los bajos salarios se consideran a menudo como las principales causas de lo expuesto.\u00b4<\/em><\/p>\n<ul>\n<li><strong>\u00b4El caso Furukawa<\/strong>, <em>sobre el cual los Procedimientos Especiales del Consejo de Derechos Humanos expresaron sus preocupaciones en 2019, ilustra las dram\u00e1ticas consecuencias que pueden resultar de la falta de un seguimiento adecuado, particularmente en el sector agroindustrial: se alegaba que en las fincas ubicadas en las plantaciones de abac\u00e1 de la empresa japonesa Furukawa Plantaciones CA exist\u00edan condiciones similares a la esclavitud, y tras la acci\u00f3n de las autoridades contra la empresa, esta present\u00f3 una denuncia penal por extorsi\u00f3n contra un representante de las familias afectadas en represalia.\u00b4<\/em><\/li>\n<\/ul>\n<h1>Deuda y pol\u00edtica fiscal<\/h1>\n<p>\u00b4<em>El FMI aprob\u00f3 un Servicio Ampliado del Fondo de 27 meses de DEG 4.615 millones (661% de la cuota, equivalente a USD 6.500 millones). <strong>Ecuador es ahora uno de los 14 pa\u00edses que excedieron el 187,5% de la cuota del FMI en 2021, con el resultado de que entre 2023 y 2033, se estima que Ecuador realizar\u00e1 pagos de recargos por USD 1.079 millones.<\/strong> Por lo tanto, el Relator Especial desea <strong>destacar tres formas<\/strong> en que podr\u00eda ampliarse el espacio fiscal disponible.<\/em>\u00b4<\/p>\n<p>1.<strong> \u00b4La reforma tributaria es lo primero<\/strong>. <em>Se esperaba que la reforma tributaria de 2021 aumentara la eficiencia e hiciera que el sistema tributario fuera m\u00e1s progresivo. La reforma se emprendi\u00f3 para dar cumplimiento al acuerdo firmado con el FMI en octubre de 2020, que contemplaba la necesidad de una reforma tributaria para aumentar los ingresos tributarios en 2.000 millones de d\u00f3lares hasta 2022. Sin embargo, <strong>a finales de 2023, la relaci\u00f3n proporcional impuestos\/PIB se mantuvo igual y la progresividad cay\u00f3 un 1,8%, con una mayor dependencia de los ingresos del IVA<\/strong>.<\/em>\u00b4<\/p>\n<p>2.<strong> \u00b4Los canjes de \u00abdeuda por naturaleza\u00bb son una segunda herramienta<\/strong> <em>que podr\u00eda utilizarse para ampliar el espacio fiscal para la inversi\u00f3n social. <strong>Sin embargo, para que \u00e9sta sea una opci\u00f3n viable, se debe aprender las lecciones de experiencias pasadas.<\/strong><\/em><\/p>\n<p><em>El Bono Marino de Gal\u00e1pagos ha sido objeto de escrutinio por varias razones. Se ha estructurado a trav\u00e9s de <strong>jurisdicciones de para\u00edsos fiscales<\/strong> (el estado estadounidense de Delaware e Irlanda). Sus impactos en el servicio de la deuda se sentir\u00e1n esencialmente en 2030-2035, mientras que Ecuador enfrentar\u00e1 un pico en el servicio de la deuda en el per\u00edodo 2025-2030. La gobernanza del plan, y el papel del sector financiero privado en particular, carece de transparencia y rendici\u00f3n de cuentas. Algunos lo ven como una limitaci\u00f3n problem\u00e1tica a la soberan\u00eda del pa\u00eds. <\/em><\/p>\n<p><em>Por \u00faltimo, ha surgido una preocupaci\u00f3n importante debido a la reciente reducci\u00f3n de la calificaci\u00f3n del bono por parte de la agencia de calificaci\u00f3n <strong>crediticia Moody&#8217;s<\/strong>. Por esta raz\u00f3n, los pa\u00edses de bajos ingresos, en particular, pueden temer optar por canjes de deuda por naturaleza como posibles instrumentos de mercado debido a las malas calificaciones que se otorgan a dichos bonos, a pesar de estar en una situaci\u00f3n compleja de endeudamiento.<\/em><\/p>\n<p><em>El 5 de septiembre de 2023, el gobierno anunci\u00f3 una iniciativa para definir un <strong>\u00abcorredor amaz\u00f3nico\u00bb<\/strong>, con el objetivo a largo plazo de asegurar un canje de \u00abdeuda por naturaleza\u00bb a\u00fan m\u00e1s ambicioso, esta vez para garantizar que los esfuerzos de conservaci\u00f3n de la selva amaz\u00f3nica sean recompensados, permitiendo ampliar el espacio fiscal disponible para la inversi\u00f3n social. <strong>Si bien la idea es prometedora en principio, la implementaci\u00f3n debe dise\u00f1arse cuidadosamente para tener en cuenta las preguntas leg\u00edtimas planteadas en torno al acuerdo de Gal\u00e1pagos, as\u00ed como las lecciones que pueden derivarse de experiencias pasadas similares en Seychelles, Belice y Barbados.<\/strong><\/em><\/p>\n<p>3.<strong> \u00b4Una tercera forma de incrementar el espacio fiscal es racionalizar los subsidios a los combustibles f\u00f3siles. <\/strong><em>En 2022, 4.500 millones de d\u00f3lares, lo que representa alrededor del 4% del PIB, se destinaron a dichos subsidios. Esto equivale aproximadamente al presupuesto total del Ministerio de Educaci\u00f3n y casi cuatro veces el presupuesto gastado en asistencia social. Sin embargo, esos subsidios son regresivos: benefician de manera desproporcionada al 20% m\u00e1s rico de la poblaci\u00f3n, y este es especialmente el caso de los subsidios al di\u00e9sel. Tambi\u00e9n son incompatibles con la necesidad de avanzar hacia un consumo y una producci\u00f3n m\u00e1s sostenibles, como se ha comprometido Ecuador en el Objetivo de Desarrollo Sostenible.<\/em>\u00b4<\/p>\n<p>El Relator Especial presentar\u00e1 un informe final sobre su visita al Ecuador al Consejo de Derechos Humanos de la ONU en junio de 2024.<\/p>\n<p>&nbsp;<\/p>\n<p><a href=\"https:\/\/cdes.org.ec\/webantigua\/wp-content\/uploads\/2022\/06\/logo-union-europea.jpg\"><img decoding=\"async\" class=\"alignnone wp-image-9508\" src=\"https:\/\/cdes.org.ec\/webantigua\/wp-content\/uploads\/2022\/06\/logo-union-europea-300x201.jpg\" alt=\"\" width=\"106\" height=\"71\" srcset=\"https:\/\/cdes.org.ec\/webantigua\/wp-content\/uploads\/2022\/06\/logo-union-europea-200x134.jpg 200w, https:\/\/cdes.org.ec\/webantigua\/wp-content\/uploads\/2022\/06\/logo-union-europea-300x201.jpg 300w, https:\/\/cdes.org.ec\/webantigua\/wp-content\/uploads\/2022\/06\/logo-union-europea-310x205.jpg 310w, https:\/\/cdes.org.ec\/webantigua\/wp-content\/uploads\/2022\/06\/logo-union-europea-400x267.jpg 400w, https:\/\/cdes.org.ec\/webantigua\/wp-content\/uploads\/2022\/06\/logo-union-europea-470x310.jpg 470w, https:\/\/cdes.org.ec\/webantigua\/wp-content\/uploads\/2022\/06\/logo-union-europea.jpg 600w\" sizes=\"(max-width: 106px) 100vw, 106px\" \/><\/a>\u00a0 \u00a0 \u00a0 \u00a0 \u00a0 \u00a0 \u00a0\u00a0 <a href=\"https:\/\/cdes.org.ec\/webantigua\/wp-content\/uploads\/2023\/09\/logo-ford-foundation.png\"><img decoding=\"async\" class=\"alignnone wp-image-9517\" src=\"https:\/\/cdes.org.ec\/webantigua\/wp-content\/uploads\/2023\/09\/logo-ford-foundation-300x212.png\" alt=\"\" width=\"95\" height=\"67\" srcset=\"https:\/\/cdes.org.ec\/webantigua\/wp-content\/uploads\/2023\/09\/logo-ford-foundation-200x141.png 200w, https:\/\/cdes.org.ec\/webantigua\/wp-content\/uploads\/2023\/09\/logo-ford-foundation-300x214.png 300w, https:\/\/cdes.org.ec\/webantigua\/wp-content\/uploads\/2023\/09\/logo-ford-foundation.png 340w\" sizes=\"(max-width: 95px) 100vw, 95px\" \/><\/a>\u00a0 \u00a0 \u00a0 \u00a0 \u00a0 \u00a0 \u00a0 \u00a0<a href=\"https:\/\/cdes.org.ec\/webantigua\/wp-content\/uploads\/2023\/09\/Logo-11.be-blanco-fondo-naranja-scaled.jpg\"><img decoding=\"async\" class=\"alignnone  wp-image-9622\" src=\"https:\/\/cdes.org.ec\/webantigua\/wp-content\/uploads\/2023\/09\/Logo-11.be-blanco-fondo-naranja-300x200.jpg\" alt=\"\" width=\"106\" height=\"70\" srcset=\"https:\/\/cdes.org.ec\/webantigua\/wp-content\/uploads\/2023\/09\/Logo-11.be-blanco-fondo-naranja-200x133.jpg 200w, https:\/\/cdes.org.ec\/webantigua\/wp-content\/uploads\/2023\/09\/Logo-11.be-blanco-fondo-naranja-300x200.jpg 300w, https:\/\/cdes.org.ec\/webantigua\/wp-content\/uploads\/2023\/09\/Logo-11.be-blanco-fondo-naranja-310x205.jpg 310w, https:\/\/cdes.org.ec\/webantigua\/wp-content\/uploads\/2023\/09\/Logo-11.be-blanco-fondo-naranja-400x267.jpg 400w, https:\/\/cdes.org.ec\/webantigua\/wp-content\/uploads\/2023\/09\/Logo-11.be-blanco-fondo-naranja-470x310.jpg 470w, https:\/\/cdes.org.ec\/webantigua\/wp-content\/uploads\/2023\/09\/Logo-11.be-blanco-fondo-naranja-600x400.jpg 600w, https:\/\/cdes.org.ec\/webantigua\/wp-content\/uploads\/2023\/09\/Logo-11.be-blanco-fondo-naranja-768x512.jpg 768w, https:\/\/cdes.org.ec\/webantigua\/wp-content\/uploads\/2023\/09\/Logo-11.be-blanco-fondo-naranja-800x533.jpg 800w, https:\/\/cdes.org.ec\/webantigua\/wp-content\/uploads\/2023\/09\/Logo-11.be-blanco-fondo-naranja-1024x683.jpg 1024w, https:\/\/cdes.org.ec\/webantigua\/wp-content\/uploads\/2023\/09\/Logo-11.be-blanco-fondo-naranja-1200x800.jpg 1200w, https:\/\/cdes.org.ec\/webantigua\/wp-content\/uploads\/2023\/09\/Logo-11.be-blanco-fondo-naranja-1536x1024.jpg 1536w\" sizes=\"(max-width: 106px) 100vw, 106px\" \/><\/a><\/p>\n<p><span style=\"color: #808080;\">Esta publicaci\u00f3n ha sido realizada con el apoyo de la Uni\u00f3n Europea, de FORD Foundation y la Coalici\u00f3n Flamenca para la Cooperaci\u00f3n Norte-Sur 11.11.11.\u00a0. El contenido de la misma es responsabilidad exclusiva de CDES y no refleja, necesariamente, la opini\u00f3n de los cooperantes.<\/span><\/p>\n","protected":false},"excerpt":{"rendered":"<p>El Relator Especial sobre pobreza extrema y derechos humanos de [&hellip;]<\/p>\n","protected":false},"author":1,"featured_media":9420,"comment_status":"open","ping_status":"open","sticky":false,"template":"","format":"standard","meta":{"_siteseo_robots_primary_cat":"","_joinchat":[],"footnotes":""},"categories":[46,9],"tags":[],"class_list":["post-9418","post","type-post","status-publish","format-standard","has-post-thumbnail","hentry","category-deuda","category-justiciafiscal"],"_links":{"self":[{"href":"https:\/\/cdes.org.ec\/webantigua\/wp-json\/wp\/v2\/posts\/9418","targetHints":{"allow":["GET"]}}],"collection":[{"href":"https:\/\/cdes.org.ec\/webantigua\/wp-json\/wp\/v2\/posts"}],"about":[{"href":"https:\/\/cdes.org.ec\/webantigua\/wp-json\/wp\/v2\/types\/post"}],"author":[{"embeddable":true,"href":"https:\/\/cdes.org.ec\/webantigua\/wp-json\/wp\/v2\/users\/1"}],"replies":[{"embeddable":true,"href":"https:\/\/cdes.org.ec\/webantigua\/wp-json\/wp\/v2\/comments?post=9418"}],"version-history":[{"count":8,"href":"https:\/\/cdes.org.ec\/webantigua\/wp-json\/wp\/v2\/posts\/9418\/revisions"}],"predecessor-version":[{"id":9623,"href":"https:\/\/cdes.org.ec\/webantigua\/wp-json\/wp\/v2\/posts\/9418\/revisions\/9623"}],"wp:featuredmedia":[{"embeddable":true,"href":"https:\/\/cdes.org.ec\/webantigua\/wp-json\/wp\/v2\/media\/9420"}],"wp:attachment":[{"href":"https:\/\/cdes.org.ec\/webantigua\/wp-json\/wp\/v2\/media?parent=9418"}],"wp:term":[{"taxonomy":"category","embeddable":true,"href":"https:\/\/cdes.org.ec\/webantigua\/wp-json\/wp\/v2\/categories?post=9418"},{"taxonomy":"post_tag","embeddable":true,"href":"https:\/\/cdes.org.ec\/webantigua\/wp-json\/wp\/v2\/tags?post=9418"}],"curies":[{"name":"wp","href":"https:\/\/api.w.org\/{rel}","templated":true}]}}