{"id":9449,"date":"2023-09-15T20:00:15","date_gmt":"2023-09-15T20:00:15","guid":{"rendered":"https:\/\/cdes.org.ec\/webantigua\/?p=9449"},"modified":"2023-09-18T22:51:13","modified_gmt":"2023-09-18T22:51:13","slug":"mas-de-100-organizaciones-y-academicos-firman-declaracion-sobre-riesgo-crediticio-en-ecuador","status":"publish","type":"post","link":"https:\/\/cdes.org.ec\/webantigua\/mas-de-100-organizaciones-y-academicos-firman-declaracion-sobre-riesgo-crediticio-en-ecuador\/","title":{"rendered":"YASUN\u00cd Y CHOC\u00d3 ANDINO &#8211; M\u00c1S DE 100 ORGANIZACIONES Y ACAD\u00c9MICOS FIRMAN DECLARACI\u00d3N SOBRE RIESGO CREDITICIO EN ECUADOR"},"content":{"rendered":"<ul>\n<li>Ecuador podr\u00eda enfrentar riesgo crediticio por su decisi\u00f3n de preservar Yasun\u00ed y detener las actividades mineras en el Choc\u00f3 Andino.<\/li>\n<li>Moody\u2019s, Standard &amp; Poor\u2019s y Fitch Ratings son las agencias de calificaci\u00f3n crediticia que controlan aproximadamente el 95% de las evaluaciones de los mercados financieros.<\/li>\n<li>Firmantes suscriben la necesidad de un mecanismo internacional orientado a la reestructuraci\u00f3n de la deuda soberana frente a los acreedores privados para que los pa\u00edses no caigan en medidas de austeridad severas.<\/li>\n<\/ul>\n<p>M\u00e1s de 100 organizaciones y acad\u00e9micos expresaron su respaldo a la declaraci\u00f3n que alerta sobre la creciente preocupaci\u00f3n en torno al riesgo crediticio que Ecuador podr\u00eda enfrentar tras la decisi\u00f3n de preservar como espacio intangible el \u00e1rea de la reserva del Yasun\u00ed y tambi\u00e9n detener las actividades mineras en el Choc\u00f3 Andino.<\/p>\n<p>Esta alerta se dio tras una advertencia emitida por la agencia calificadora de riesgo Moody\u2019s, la cual sugiere que esta decisi\u00f3n soberana de la poblaci\u00f3n ecuatoriana podr\u00eda tener repercusiones negativas en la actual calificaci\u00f3n crediticia del pa\u00eds, que se encuentra en \u201cCaa3\u201d, un nivel que denota un riesgo crediticio considerablemente alto.<\/p>\n<p>Esta advertencia emitida por Moody\u2019s ha suscitado un importante debate en torno al papel y la influencia de las agencias de calificaci\u00f3n crediticia, as\u00ed como si sus evaluaciones responden objetivamente a criterios justos. Adem\u00e1s, plantea la preocupaci\u00f3n de que pueden influir de manera significativa en decisiones soberanas, incluyendo la capacidad de un pa\u00eds para realizar una transici\u00f3n energ\u00e9tica justa y llevar a cabo acciones de preservaci\u00f3n ambiental.<\/p>\n<p>En este contexto, se destaca la importancia de que Ecuador defienda la decisi\u00f3n soberana tomada por su poblaci\u00f3n a trav\u00e9s de una consulta nacional de no explotar el Yasun\u00ed y tampoco el Choc\u00f3 Andino. Tambi\u00e9n se busca incidir en la promoci\u00f3n de un mecanismo global orientado a la reestructuraci\u00f3n de la deuda soberana frente a los acreedores privados, lo cual busca evitar medidas de austeridad severas.<\/p>\n<p>En \u00faltima instancia, se enfatiza que la reforma en la evaluaci\u00f3n del riesgo crediticio es esencial para evitar que se penalice a los pa\u00edses que buscan la preservaci\u00f3n del medio ambiente y contribuir al objetivo global de descarbonizaci\u00f3n. Adem\u00e1s, se subraya la necesidad de un cambio del modelo econ\u00f3mico que considere la preservaci\u00f3n ambiental y el bienestar de las naciones en la evaluaci\u00f3n del riesgo crediticio.<\/p>\n<p><a role=\"link\" href=\"https:\/\/cdes.org.ec\/webantigua\/declaracion-sobre-la-evaluacion-del-riesgo-crediticio-y-su-impacto-en-la-decision-de-salvar-el-yasuni-y-el-choco-andino-en-ecuador\/\"><strong>Esta declaraci\u00f3n<\/strong><\/a><strong>\u00a0<\/strong>refleja el compromiso de las organizaciones y acad\u00e9micos firmantes en abordar estas preocupaciones y buscar soluciones que respalden la sostenibilidad, la justicia y la preservaci\u00f3n del medio ambiente en el contexto de las decisiones financieras y crediticias internacionales.<\/p>\n<p><strong>\u201c<\/strong>Las agencias crediticias privadas desempe\u00f1an un rol perjudicial al agravar los costos financieros en los pa\u00edses en desarrollo, intensificando la carga de su deuda externa y ejerciendo una presi\u00f3n destructiva sobre el medio ambiente. En la actualidad, Ecuador se halla en una encrucijada cr\u00edtica, enfrentando la posibilidad de sufrir un castigo en su calificaci\u00f3n crediticia debido a su encomiable compromiso con la protecci\u00f3n de ecosistemas cruciales como el Choc\u00f3 Andino, el Yasun\u00ed y la Amazon\u00eda\u201d, afirm\u00f3 Pablo iturralde, investigador en CDES \u2013 Ecuador.<\/p>\n<p>Iturralde puntualiz\u00f3 que \u201cno podemos permitir que este castigo se concrete, pues establecer\u00eda un peligroso precedente que amenaza otras iniciativas vitales para combatir de manera efectiva el cambio clim\u00e1tico, que es el principal desaf\u00edo que enfrentamos a nivel global\u201d.<\/p>\n<p>Por ello, \u201cse necesita una reforma de la arquitectura financiera internacional en que las deudas soberanas dejen de ser calificadas por estas agencias privadas, que promueva mecanismos de soluci\u00f3n de la deuda en base a criterios objetivos de evaluaci\u00f3n de la situaci\u00f3n financiera en los que se ponga en el centro a las personas y el planeta\u201d, sostuvo Rodolfo Bejarano, analista senior de Nueva Arquitectura Financiera en LATINDADD.<\/p>\n<p>Por otro lado, Iolanda Fresnillo, directora de pol\u00edticas e incidencia de EURODAD afirm\u00f3 que \u201cla reacci\u00f3n de Moody\u2019s hace m\u00e1s evidente que nunca que las agencias de calificaci\u00f3n de riesgo son una herramienta de los mercados financieros para disciplinar a los gobiernos en favor de los intereses de los inversores y contra la descarbonizaci\u00f3n de la econom\u00eda\u201d.<\/p>\n<p><strong>Para contacto de prensa, comunicarse con:\u00a0<\/strong><\/p>\n<p>Omar Olivares<\/p>\n<p>omarolivares@latindadd.org<\/p>\n<p>+51 995 283 180<\/p>\n<p>&nbsp;<\/p>\n<p>Ver\u00f3nica Iturralde<\/p>\n<p>comunicacion@cdes.org.ec<\/p>\n<p>+593 995189991<\/p>\n<p><strong>Firmantes:\u00a0<\/strong><\/p>\n<ul>\n<li>Centro de Derechos Econ\u00f3micos y Sociales \u2013 CDES ECUADOR<\/li>\n<li>Red Latinoamericana por Justicia Econ\u00f3mica y Social \u2013 LATINDADD<\/li>\n<li>European Network for Economic and Social Justice \u2013 EURODAD<\/li>\n<li>Daniel Ortega, Ex ministro de Medio Ambiente de Ecuador<\/li>\n<\/ul>\n<p><strong>Organizaciones adheridas:<\/strong><\/p>\n<ul>\n<li>11.11.11 \u2013 Belgium<\/li>\n<li>350.org Am\u00e9rica Latina \u2013 Brazil<\/li>\n<li>African Forum and Network on Debt and Development (AFRODAD) \u2013 Kenya<\/li>\n<li>Amazon Watch Internacional<\/li>\n<li>AS RIPESS Intercontinental \u2013 Espa\u00f1a<\/li>\n<li>Asian Peoples\u2019 Movement on Debt and Development \u2013 APMDD<\/li>\n<li>Asociaci\u00f3n Arariwa\u00a0 \u2013 Per\u00fa<\/li>\n<li>Associa\u00e7\u00e3o Alternativa Terrazul \u2013 Distrito Federal\/Brasil<\/li>\n<li>CAN America Latina (CANLA) \u2013 Am\u00e9rica Latina y El Caribe<\/li>\n<li>Caribbean Policy Development Centre \u2013 Barbados\/Caribbean<\/li>\n<li>CEDENMA (Coordinadora Ecuatoriana de Organizaciones para la Defensa de la Naturaleza y el Medio Ambiente) \u2013 Ecuador<\/li>\n<li>Centre for Citizens Conserving Environment &amp;Management (CECIC) \u2013 Uganda<\/li>\n<li>Centro de Documentaci\u00f3n en Derechos Humanos \u201cSegundo Montes Mozo S.J.\u201d (CSMM) \u2013 Ecuador<\/li>\n<li>Centro de la Mujer Peruana \u201cFlora Trist\u00e1n\u201d \u2013 Per\u00fa<\/li>\n<li>Coalici\u00f3n de Tendencia Clasista (CTC-VZLA) \u2013 Venezuela<\/li>\n<li>Coordinadora de la Mujer \u2013 Bolivia<\/li>\n<li>CSO Partnership for Development Effectiveness (CPDE) \/ Alianza de Organizaciones por la Efectividad del Desarrollo (AOED) \u2013 Spain<\/li>\n<li>Debt Justice \u2013 UK<\/li>\n<li>DISABILITY PEOPLES FORUM UGANDA<\/li>\n<li>Equidad de G\u00e9nero: Ciudadan\u00eda, Trabajo y Familia \u2013 M\u00e9xico<\/li>\n<li>Financial Justice Ireland<\/li>\n<li>Foro Ciudadano para las Relaciones CELAC-UE \u2013 M\u00e9xico<\/li>\n<li>FOVIDA \u2013 Per\u00fa<\/li>\n<li>Fundaci\u00f3n Ambiente y Recursos Naturales (FARN) \u2013 Argentina<\/li>\n<li>Fundaci\u00f3n Cerro Verde \u2013 Ecuador<\/li>\n<li>Fundaci\u00f3n Desaf\u00edo \u2013 Ecuador<\/li>\n<li>FUNDACI\u00d3N MAQUIPUCUNA \u2013 Ecuador<\/li>\n<li>Fundaci\u00f3n Mujeres Luna Creciente \u2013 Ecuador<\/li>\n<li>Fundaci\u00f3n Pachamama \u2013 Ecuador<\/li>\n<li>Fundaci\u00f3n Sol\u00f3n \u2013 Bolivia<\/li>\n<li>Fundaci\u00f3n Vox Populi Ecuador<\/li>\n<li>Gestos (soropositividade, comunica\u00e7\u00e3o e g\u00eanero) \u2013 Brazil<\/li>\n<li>Green Economy Coalition \u2013 UK<\/li>\n<li>Grupo de Trabajo de Cambio Clim\u00e1tico y Justicia (GTCCJ) \u2013 Bolivia<\/li>\n<li>GRUPO NACIONAL DE PRESUPUESTO P\u00daBLICO \u2013 Per\u00fa<\/li>\n<li>Jubilee Australia<\/li>\n<li>Jubilee Scotland \u2013 Scotland, UK<\/li>\n<li>Jubileo 2000, red Ecuador<\/li>\n<li>Latinoam\u00e9rica Sustentable \u2013 Ecuador<\/li>\n<li>MenaFem Movement for Economic,Development And Ecological Justice \u2013 Mena<\/li>\n<li>Messe\u00a0 \u2013 Ecuador<\/li>\n<li>Movimiento Ciudadano frente al Cambio Clim\u00e1tico \u2013 Per\u00fa<\/li>\n<li>National Campaign for Sustainable Development \u2013 Nepal<\/li>\n<li>Pachamama Alliance \u2013 Per\u00fa<\/li>\n<li>Passionists International \u2013 United States<\/li>\n<li>Pedagog\u00edas interculturales de la Oralidad \u2013 Per\u00fa<\/li>\n<li>Plataforma Boliviana Frente al Cambio Clim\u00e1tico \u2013 Bolivia<\/li>\n<li>Proceso de Comunidades Negras \u2013 Colombia<\/li>\n<li>Programa de Asistencia Agrobioenerg\u00e9tica al Campesino PAAC \u2013 Bolivia<\/li>\n<li>Proyectando un ambiente y sociedad verde \u2013 M\u00e9xico<\/li>\n<li>PUD\u00da \u2013 Per\u00fa<\/li>\n<li>Red de Transici\u00f3n Energ\u00e9tica Popular (RED TEP) \u2013 Bolivia-Per\u00fa-Brasil<\/li>\n<li>RENICC \u2013 Nicaragua<\/li>\n<li>RIPESS LAC \u2013 Latinoam\u00e9rica y El Caribe<\/li>\n<li>SEDYS PER\u00da \u2013 Per\u00fa<\/li>\n<li>Southern and Eastern Africa Trade Information and Negotiations Institute (SEATINI) \u2013 Uganda<\/li>\n<li>Uganda Debt Network \u2013 Uganda<\/li>\n<li>WECF International \u2013 Netherlands<\/li>\n<li>WEDO \u2013 United States<\/li>\n<\/ul>\n<p><strong>Individuos adheridos<\/strong>:<\/p>\n<ul>\n<li>\u00c1lvaro Samaniego Ponce \u2013 Ecuador<\/li>\n<li>Analucia Sosa \u2013 Ecuador<\/li>\n<li>Azril Bacal Roij \u2013 Suecia<\/li>\n<li>Bodo Ellmers\u00a0 \u2013 Germany<\/li>\n<li>Carlos Eduardo Aguirre Carvajal \u2013 Ecuador<\/li>\n<li>Carlos Esteban Escalante Estrada \u2013 Per\u00fa<\/li>\n<li>Cecilia Sueiro \u2013 Per\u00fa<\/li>\n<li>Edgar Avalos \u2013 Ecuador<\/li>\n<li>Elizabeth Morillo\u00a0 \u2013 Ecuador<\/li>\n<li>Fabian Simeon\u00a0 \u2013 Per\u00fa<\/li>\n<li>Frans Lettenstrom \u2013 Sweden<\/li>\n<li>German Ni\u00f1o \u2013 Colombia<\/li>\n<li>Glynis Guadamud Rosales \u2013 Ecuador<\/li>\n<li>GUISELA LOAYZA ALVAREZ \u2013 PER\u00da<\/li>\n<li>Iris Jim\u00e9nez \u2013 M\u00e9xico<\/li>\n<li>Ismael Vega \u2013 Per\u00fa<\/li>\n<li>Jairo S\u00e1nchez \u2013 Colombia<\/li>\n<li>Jane Miano \u2013 Kenya<\/li>\n<li>Jimmy March\u00e1n Brito \u2013 Ecuador<\/li>\n<li>Ji\u0159\u00ed Siln\u00fd \u2013 Czech Republic<\/li>\n<li>Jo\u00e3o Carlos Loebens \u2013 Brasil<\/li>\n<li>Jose Carlos Silva Macher \u2013 Per\u00fa<\/li>\n<li>Juan David Ortiz Pruna \u2013 Ecuador<\/li>\n<li>Juan Gabriel de la Roche Mart\u00ednez \u2013 Ecuador<\/li>\n<li>Juan Manuel Crespo \u2013 Ecuador<\/li>\n<li>Juan Pablo Bohoslavsky \u2013 Argentina<\/li>\n<li>Katalina S\u00e1nchez \u2013 Colombia<\/li>\n<li>Leonardo E. Stanley \u2013 Argentina<\/li>\n<li>Lucilene Morandi \u2013 Brasil<\/li>\n<li>Luisana Aguilar \u2013 Ecuador<\/li>\n<li>Marga Herrera Aguirre \u2013 Ecuador<\/li>\n<li>Maria Isabel Oblitas Roselio \u2013 Bolivia<\/li>\n<li>Marjorie Nicoll Ordo\u00f1ez Ordo\u00f1ez \u2013 Honduras<\/li>\n<li>Mauricio Meriguet\u00a0 \u2013 ECUADOR<\/li>\n<li>Melania Patricia Pe\u00f1a Carrera\u00a0 \u2013 Ecuador<\/li>\n<li>Mercedes Alvaro \u2013 Ecuador<\/li>\n<li>Mercedes Roman<\/li>\n<li>Merel van der Mark \u2013 Holanda<\/li>\n<li>Michaela Maissen \u2013 Ecuador<\/li>\n<li>Pablo Samaniego Ponce \u2013 Ecuador<\/li>\n<li>Sara Gabriela Ter\u00e1n \u00c1valos \u2013 Ecuador<\/li>\n<\/ul>\n","protected":false},"excerpt":{"rendered":"<p>Ecuador podr\u00eda enfrentar riesgo crediticio por su decisi\u00f3n de preservar [&hellip;]<\/p>\n","protected":false},"author":1,"featured_media":9453,"comment_status":"open","ping_status":"open","sticky":false,"template":"","format":"standard","meta":{"_siteseo_robots_primary_cat":"","_joinchat":[],"footnotes":""},"categories":[46,87,12],"tags":[],"class_list":["post-9449","post","type-post","status-publish","format-standard","has-post-thumbnail","hentry","category-deuda","category-home-slider","category-justiciaambiental"],"_links":{"self":[{"href":"https:\/\/cdes.org.ec\/webantigua\/wp-json\/wp\/v2\/posts\/9449","targetHints":{"allow":["GET"]}}],"collection":[{"href":"https:\/\/cdes.org.ec\/webantigua\/wp-json\/wp\/v2\/posts"}],"about":[{"href":"https:\/\/cdes.org.ec\/webantigua\/wp-json\/wp\/v2\/types\/post"}],"author":[{"embeddable":true,"href":"https:\/\/cdes.org.ec\/webantigua\/wp-json\/wp\/v2\/users\/1"}],"replies":[{"embeddable":true,"href":"https:\/\/cdes.org.ec\/webantigua\/wp-json\/wp\/v2\/comments?post=9449"}],"version-history":[{"count":5,"href":"https:\/\/cdes.org.ec\/webantigua\/wp-json\/wp\/v2\/posts\/9449\/revisions"}],"predecessor-version":[{"id":9456,"href":"https:\/\/cdes.org.ec\/webantigua\/wp-json\/wp\/v2\/posts\/9449\/revisions\/9456"}],"wp:featuredmedia":[{"embeddable":true,"href":"https:\/\/cdes.org.ec\/webantigua\/wp-json\/wp\/v2\/media\/9453"}],"wp:attachment":[{"href":"https:\/\/cdes.org.ec\/webantigua\/wp-json\/wp\/v2\/media?parent=9449"}],"wp:term":[{"taxonomy":"category","embeddable":true,"href":"https:\/\/cdes.org.ec\/webantigua\/wp-json\/wp\/v2\/categories?post=9449"},{"taxonomy":"post_tag","embeddable":true,"href":"https:\/\/cdes.org.ec\/webantigua\/wp-json\/wp\/v2\/tags?post=9449"}],"curies":[{"name":"wp","href":"https:\/\/api.w.org\/{rel}","templated":true}]}}