{"id":9479,"date":"2023-10-16T20:52:49","date_gmt":"2023-10-16T20:52:49","guid":{"rendered":"https:\/\/cdes.org.ec\/webantigua\/?p=9479"},"modified":"2023-10-16T20:52:49","modified_gmt":"2023-10-16T20:52:49","slug":"contrahegemonia-y-derechos-humanos","status":"publish","type":"post","link":"https:\/\/cdes.org.ec\/webantigua\/contrahegemonia-y-derechos-humanos\/","title":{"rendered":"CONTRAHEGEMON\u00cdA Y DERECHOS HUMANOS"},"content":{"rendered":"<p>Nace un espacio Nuestroamericano de articulaci\u00f3n<\/p>\n<p>Luego de varios meses de trabajo, los d\u00edas 05 y 06 de octubre de 2023, en Mosquera, Colombia, un grupo de 26 militantes de derechos humanos, de 23 organizaciones, de 5 pa\u00edses de la regi\u00f3n, se juntaron en el \u201cEncuentro Derechos humanos, izquierda y campo popular\u201d para dar vida a la Plataforma Nuestramericana por los Derechos Humanos.<br \/>\nLa naciente Plataforma tiene como objetivo \u201cConsolidar un movimiento nuestroamericano de lucha por los derechos humanos desde una perspectiva popular y contrahegem\u00f3nica para avanzar hacia la transformaci\u00f3n estructural de las condiciones de opresi\u00f3n y exclusi\u00f3n de nuestros pueblos\u201d. Las organizaciones que la fundaron tienen un diagn\u00f3stico com\u00fan sobre la incompatibilidad estructural del capitalismo, el patriarcado y el colonialismo\/racismo, con el disfrute de los derechos humanos de las mayor\u00edas. As\u00ed mismo, comparten que la lucha por los derechos humanos debe ser protagonizada por los sectores estructuralmente excluidos o subordinados, que en la lucha misma se convierten en sujetos de transformaci\u00f3n de esos sistemas de dominaci\u00f3n. Interpelan la visi\u00f3n hegem\u00f3nica liberal de los derechos humanos por considerarla insuficientemente protectora de la dignidad de las personas y los pueblos.<br \/>\nLas organizaciones que hacen parte de la Plataforma Nuestramericana por los Derechos Humanos se proponen l\u00edneas de acci\u00f3n en el campo de la formaci\u00f3n y el intercambio de experiencias; de la solidaridad entre las luchas que cada una lleva; la protecci\u00f3n a lxs militantes de derechos humanos que conforman la Plataforma; la producci\u00f3n de conocimientos \u00fatiles para las luchas y su difusi\u00f3n; el fortalecimiento organizativo y; la incidencia y exigibilidad continental de los derechos humanos desde el campo popular.<br \/>\nPor Argentina las organizaciones fundadoras son La Poderosa y Familiares y Amigos de Luciano Arruga; por Brasil, el Instituto Joaqu\u00edn Herrera Flores- Am\u00e9rica Latina (IJHF); por Ecuador, el Comit\u00e9 Permanente por la Defensa de los Derechos Humanos (CDH) y el Centro de Derechos Econ\u00f3micos y Sociales (Cdes); por Colombia, el Instituto Popular de Capacitaci\u00f3n (IPC), la Corporaci\u00f3n Social para la Asesor\u00eda y Capacitaci\u00f3n comunitaria (COSPACC), la Corporaci\u00f3n Semillas de Dignidad, la Corporaci\u00f3n Equipo Jur\u00eddico Pueblos, la Red Manuel Aldana Vive, la Fundaci\u00f3n Pasos, Asociaci\u00f3n Nomades, Corporaci\u00f3n Jur\u00eddica Libertad y, la Fundaci\u00f3n Bakia; por Venezuela, TATUIT-TV; la Juventud Obrera Cat\u00f3lica de Venezuela (JOC); el Comit\u00e9 De Familiares y Amigos de Trabajadores presos; la Comunidad Socialista Ana Soto, articulada en el Movimiento de los Pobladores (Lara); la Coordinaci\u00f3n Regional de Ni\u00f1os y Ni\u00f1as Trabajadores (CORENATS); la Corriente Revolucionaria David Hern\u00e1ndez Oduber (CREDAHO) y, Surgentes, colectivo de DDHH. El Encuentro fue impulsado por una alianza entre la Fundaci\u00f3n Rosa Luxemburg, e IJHF y Surgentes.<\/p>\n","protected":false},"excerpt":{"rendered":"<p>Nace un espacio Nuestroamericano de articulaci\u00f3n Luego de varios meses [&hellip;]<\/p>\n","protected":false},"author":1,"featured_media":9480,"comment_status":"open","ping_status":"open","sticky":false,"template":"","format":"standard","meta":{"_siteseo_robots_primary_cat":"","_joinchat":[],"footnotes":""},"categories":[87,8],"tags":[],"class_list":["post-9479","post","type-post","status-publish","format-standard","has-post-thumbnail","hentry","category-home-slider","category-tnc"],"_links":{"self":[{"href":"https:\/\/cdes.org.ec\/webantigua\/wp-json\/wp\/v2\/posts\/9479","targetHints":{"allow":["GET"]}}],"collection":[{"href":"https:\/\/cdes.org.ec\/webantigua\/wp-json\/wp\/v2\/posts"}],"about":[{"href":"https:\/\/cdes.org.ec\/webantigua\/wp-json\/wp\/v2\/types\/post"}],"author":[{"embeddable":true,"href":"https:\/\/cdes.org.ec\/webantigua\/wp-json\/wp\/v2\/users\/1"}],"replies":[{"embeddable":true,"href":"https:\/\/cdes.org.ec\/webantigua\/wp-json\/wp\/v2\/comments?post=9479"}],"version-history":[{"count":1,"href":"https:\/\/cdes.org.ec\/webantigua\/wp-json\/wp\/v2\/posts\/9479\/revisions"}],"predecessor-version":[{"id":9481,"href":"https:\/\/cdes.org.ec\/webantigua\/wp-json\/wp\/v2\/posts\/9479\/revisions\/9481"}],"wp:featuredmedia":[{"embeddable":true,"href":"https:\/\/cdes.org.ec\/webantigua\/wp-json\/wp\/v2\/media\/9480"}],"wp:attachment":[{"href":"https:\/\/cdes.org.ec\/webantigua\/wp-json\/wp\/v2\/media?parent=9479"}],"wp:term":[{"taxonomy":"category","embeddable":true,"href":"https:\/\/cdes.org.ec\/webantigua\/wp-json\/wp\/v2\/categories?post=9479"},{"taxonomy":"post_tag","embeddable":true,"href":"https:\/\/cdes.org.ec\/webantigua\/wp-json\/wp\/v2\/tags?post=9479"}],"curies":[{"name":"wp","href":"https:\/\/api.w.org\/{rel}","templated":true}]}}