{"id":9498,"date":"2023-10-17T22:42:15","date_gmt":"2023-10-17T22:42:15","guid":{"rendered":"https:\/\/cdes.org.ec\/webantigua\/?p=9498"},"modified":"2023-10-17T22:47:11","modified_gmt":"2023-10-17T22:47:11","slug":"coalicion-por-el-tratado-vinculante-expresa-profunda-preocupacion-y-demanda-acciones-en-la-ix-reunion-del-grupo-de-trabajo-sobre-empresas-transnacionales-y-derechos-humanos-2","status":"publish","type":"post","link":"https:\/\/cdes.org.ec\/webantigua\/coalicion-por-el-tratado-vinculante-expresa-profunda-preocupacion-y-demanda-acciones-en-la-ix-reunion-del-grupo-de-trabajo-sobre-empresas-transnacionales-y-derechos-humanos-2\/","title":{"rendered":"COALICI\u00d3N POR EL TRATADO VINCULANTE EXPRESA PROFUNDA PREOCUPACI\u00d3N Y DEMANDA ACCIONES EN LA IX REUNI\u00d3N DEL GRUPO DE TRABAJO SOBRE EMPRESAS TRANSNACIONALES Y DERECHOS HUMANOS"},"content":{"rendered":"<p>Quito, Ecuador &#8211; 16 de octubre de 2023<\/p>\n<p>La Coalici\u00f3n por el Tratado Vinculante, una alianza de organizaciones ecuatorianas dedicadas a la defensa de los derechos humanos y el medio ambiente, ha entregado una carta a la Canciller\u00eda de Ecuador, expresando su profunda preocupaci\u00f3n y exigiendo acciones concretas en la IX Reuni\u00f3n del Grupo de Trabajo Intergubernamental sobre empresas transnacionales y otras empresas con respecto a los derechos humanos. La reuni\u00f3n se llevar\u00e1 a cabo en Ginebra del 23 al 27 de octubre de 2023.<\/p>\n<p>En la carta dirigida al Dr. Luis Guillermo Arellano Jibaja, Director de Derechos Humanos y Paz del Ministerio de Relaciones Exteriores y Movilidad Humana, la Coalici\u00f3n detall\u00f3 sus observaciones y requerimientos con respecto al \u00faltimo borrador presentado para la reuni\u00f3n. Las organizaciones miembros de la coalici\u00f3n han estado siguiendo de cerca el proceso del Tratado Vinculante en Ecuador y han expresado su preocupaci\u00f3n sobre la direcci\u00f3n tomada por el Grupo de Trabajo.<\/p>\n<p>Principales Puntos de Preocupaci\u00f3n:<\/p>\n<ol>\n<li><strong>Responsabilidad Directa de Empresas Transnacionales:<\/strong> La coalici\u00f3n insisti\u00f3 en la necesidad de establecer obligaciones directas y vinculantes para las empresas transnacionales a lo largo de todas las cadenas de valor. Se expres\u00f3 preocupaci\u00f3n por la eliminaci\u00f3n de la palabra \u00abobligaci\u00f3n\u00bb en el nuevo borrador, lo que socava el esp\u00edritu de la Resoluci\u00f3n 26\/9.<\/li>\n<li><strong>Jurisdicci\u00f3n y Coherencia con el Derecho Internacional de los Derechos Humanos:<\/strong> Se subray\u00f3 la importancia de recuperar los est\u00e1ndares de responsabilidad penal y administrativa para las transnacionales, as\u00ed como la coherencia de los acuerdos comerciales e inversiones con los derechos humanos. La coalici\u00f3n demanda que cualquier acuerdo comercial sea coherente con el derecho internacional de los derechos humanos.<\/li>\n<li><strong>Protecci\u00f3n y Acceso a la Justicia de las V\u00edctimas<\/strong>: La coalici\u00f3n demand\u00f3 la inclusi\u00f3n de mecanismos efectivos para garantizar la reparaci\u00f3n integral de las vulneraciones de derechos, el acceso a la informaci\u00f3n y asistencia jur\u00eddica, y la inversi\u00f3n de la carga de la prueba para las empresas acusadas de abusos a los derechos humanos.<\/li>\n<li><strong>Prevenci\u00f3n de Captura Corporativa:<\/strong> Se insisti\u00f3 en la necesidad de proteger las pol\u00edticas p\u00fablicas y espacios de toma de decisiones de la interferencia de intereses comerciales o pol\u00edticos, as\u00ed como en la exclusi\u00f3n de empresas de la regulaci\u00f3n para evitar cualquier forma de captura corporativa.<\/li>\n<\/ol>\n<p>La Coalici\u00f3n por el Tratado Vinculante inst\u00f3 a la Canciller\u00eda ecuatoriana a rectificar el curso de acci\u00f3n del Grupo de Trabajo y retomar las negociaciones desde el marco ofrecido por el Tercer Borrador. Adem\u00e1s, instaron a recuperar el consenso alcanzado a lo largo de muchos a\u00f1os para fortalecer la legitimidad del proceso de negociaci\u00f3n internacional.<\/p>\n<p>Lea la <a href=\"https:\/\/cdes.org.ec\/webantigua\/wp-content\/uploads\/2023\/10\/CARTA-A-CANCILLERIA-TRATADO-CINCULANTE-2023.pdf\">Carta completa aqu\u00ed<\/a>:<\/p>\n<p><a href=\"https:\/\/cdes.org.ec\/webantigua\/wp-content\/uploads\/2023\/10\/CARTA-A-CANCILLERIA-TRATADO-CINCULANTE-2023.pdf\"><img decoding=\"async\" class=\"alignnone size-medium wp-image-9497\" src=\"https:\/\/cdes.org.ec\/webantigua\/wp-content\/uploads\/2023\/10\/sip-300x156.jpg\" alt=\"\" width=\"300\" height=\"156\" srcset=\"https:\/\/cdes.org.ec\/webantigua\/wp-content\/uploads\/2023\/10\/sip-200x104.jpg 200w, https:\/\/cdes.org.ec\/webantigua\/wp-content\/uploads\/2023\/10\/sip-300x156.jpg 300w, https:\/\/cdes.org.ec\/webantigua\/wp-content\/uploads\/2023\/10\/sip-400x208.jpg 400w, https:\/\/cdes.org.ec\/webantigua\/wp-content\/uploads\/2023\/10\/sip-600x312.jpg 600w, https:\/\/cdes.org.ec\/webantigua\/wp-content\/uploads\/2023\/10\/sip-665x345.jpg 665w, https:\/\/cdes.org.ec\/webantigua\/wp-content\/uploads\/2023\/10\/sip-768x400.jpg 768w, https:\/\/cdes.org.ec\/webantigua\/wp-content\/uploads\/2023\/10\/sip-800x416.jpg 800w, https:\/\/cdes.org.ec\/webantigua\/wp-content\/uploads\/2023\/10\/sip.jpg 815w\" sizes=\"(max-width: 300px) 100vw, 300px\" \/><\/a><\/p>\n<p>&nbsp;<\/p>\n<p>Encuentre la <a href=\"https:\/\/cdes.org.ec\/webantigua\/wp-content\/uploads\/2023\/10\/carta-cancilleria-tratado.pdf\">Carta original aqu\u00ed<\/a>:<\/p>\n<p><a href=\"https:\/\/cdes.org.ec\/webantigua\/wp-content\/uploads\/2023\/10\/primera-pag-carta-fisico.jpg\"><img decoding=\"async\" class=\"alignnone wp-image-9499\" src=\"https:\/\/cdes.org.ec\/webantigua\/wp-content\/uploads\/2023\/10\/primera-pag-carta-fisico-214x300.jpg\" alt=\"\" width=\"196\" height=\"279\" \/><\/a><\/p>\n<pre>\r\nPara m\u00e1s informaci\u00f3n o para concertar entrevistas, por favor contactar a:\r\n\r\nDaniela Andino Pe\u00f1afiel\r\nFIAN Ecuador\r\nCorreo: fian@fianecuador.org.ec\r\nCelular: 098 241 8120\r\n\r\nAdri\u00e1n Cornejo\r\nCentro de Derechos Econ\u00f3micos y Sociales (CDES)\r\nCorreo: acornejo@cdes.org.ec\r\nCelular: 099 278 8510\r\n\r\nCecilia Cherrez\r\nAcci\u00f3n Ecol\u00f3gica\r\nCorreo: semilla@accionecologica.org\r\nCelular: 099 970 9525<\/pre>\n","protected":false},"excerpt":{"rendered":"<p>Quito, Ecuador &#8211; 16 de octubre de 2023 La Coalici\u00f3n [&hellip;]<\/p>\n","protected":false},"author":1,"featured_media":9486,"comment_status":"open","ping_status":"open","sticky":false,"template":"","format":"standard","meta":{"_siteseo_robots_primary_cat":"","_joinchat":[],"footnotes":""},"categories":[87,8],"tags":[],"class_list":["post-9498","post","type-post","status-publish","format-standard","has-post-thumbnail","hentry","category-home-slider","category-tnc"],"_links":{"self":[{"href":"https:\/\/cdes.org.ec\/webantigua\/wp-json\/wp\/v2\/posts\/9498","targetHints":{"allow":["GET"]}}],"collection":[{"href":"https:\/\/cdes.org.ec\/webantigua\/wp-json\/wp\/v2\/posts"}],"about":[{"href":"https:\/\/cdes.org.ec\/webantigua\/wp-json\/wp\/v2\/types\/post"}],"author":[{"embeddable":true,"href":"https:\/\/cdes.org.ec\/webantigua\/wp-json\/wp\/v2\/users\/1"}],"replies":[{"embeddable":true,"href":"https:\/\/cdes.org.ec\/webantigua\/wp-json\/wp\/v2\/comments?post=9498"}],"version-history":[{"count":4,"href":"https:\/\/cdes.org.ec\/webantigua\/wp-json\/wp\/v2\/posts\/9498\/revisions"}],"predecessor-version":[{"id":9605,"href":"https:\/\/cdes.org.ec\/webantigua\/wp-json\/wp\/v2\/posts\/9498\/revisions\/9605"}],"wp:featuredmedia":[{"embeddable":true,"href":"https:\/\/cdes.org.ec\/webantigua\/wp-json\/wp\/v2\/media\/9486"}],"wp:attachment":[{"href":"https:\/\/cdes.org.ec\/webantigua\/wp-json\/wp\/v2\/media?parent=9498"}],"wp:term":[{"taxonomy":"category","embeddable":true,"href":"https:\/\/cdes.org.ec\/webantigua\/wp-json\/wp\/v2\/categories?post=9498"},{"taxonomy":"post_tag","embeddable":true,"href":"https:\/\/cdes.org.ec\/webantigua\/wp-json\/wp\/v2\/tags?post=9498"}],"curies":[{"name":"wp","href":"https:\/\/api.w.org\/{rel}","templated":true}]}}