{"id":9527,"date":"2023-11-24T17:27:21","date_gmt":"2023-11-24T17:27:21","guid":{"rendered":"https:\/\/cdes.org.ec\/webantigua\/?p=9527"},"modified":"2023-11-24T17:27:21","modified_gmt":"2023-11-24T17:27:21","slug":"pronunciamiento-sobre-el-discurso-de-noboa","status":"publish","type":"post","link":"https:\/\/cdes.org.ec\/webantigua\/pronunciamiento-sobre-el-discurso-de-noboa\/","title":{"rendered":"Pronunciamiento sobre el discurso de Noboa"},"content":{"rendered":"<p>Quito, 23 de noviembre de 2023<\/p>\n<p>El discurso que el presidente Daniel Noboa ha pronunciado en la ceremonia de su posesi\u00f3n no ha dejado ninguna hoja de ruta para el Ecuador. Esto no es menor porque el nuevo gobierno debe afrontar problemas estructurales relacionados a la inseguridad, recesi\u00f3n econ\u00f3mica, suministro de energ\u00eda el\u00e9ctrica, desinstitucionalizaci\u00f3n, empleo, entre otros, que actualmente aquejan al pa\u00eds como resultado de la p\u00e9sima gesti\u00f3n del gobierno de Lasso.<\/p>\n<p>Dados los \u00faltimos acontecimientos de conflictividad pol\u00edtica, destacamos de su discurso su llamado a superar la polarizaci\u00f3n pol\u00edtica y a reinstaurar la planificaci\u00f3n como pilar fundamental de la administraci\u00f3n p\u00fablica. Por consiguiente, reivindicamos la necesidad de que los actores pol\u00edticos y sociales alcancen acuerdos significativos que posibiliten respuestas inmediatas a los problemas m\u00e1s urgentes del pa\u00eds. Dichos acuerdos deber\u00edan plasmarse en los proyectos de ley de car\u00e1cter urgente anunciados por el Presidente en los \u00e1mbitos econ\u00f3mico-tributario y energ\u00e9tico que ser\u00e1n remitidos pr\u00f3ximamente a la Asamblea Nacional.<\/p>\n<p>Por lo expuesto, los colectivos y organizaciones sociales que nos pronunciamos en este comunicado, planteamos:<\/p>\n<ul>\n<li>Que se garantice la asignaci\u00f3n inmediata de los recursos necesarios para ejecutar las obras orientadas al mantenimiento y la recuperaci\u00f3n del parque t\u00e9rmico estatal, sin descuidar el \u00f3ptimo funcionamiento de las centrales hidroel\u00e9ctricas.<\/li>\n<li>Que la participaci\u00f3n privada en sectores estrat\u00e9gicos sea complementaria, y s\u00f3lo en situaciones donde la intervenci\u00f3n p\u00fablica no sea factible t\u00e9cnica y econ\u00f3micamente, debiendo someterse a una rigurosa evaluaci\u00f3n.<\/li>\n<li>Que se garantice la soberan\u00eda sobre el Oleoducto de Crudos Pesados (OCP), revirtiendo a favor del Estado ecuatoriano.<\/li>\n<li>Que se cobre inmediatamente la cartera de deudas tributarias en firme, de empresas y particulares. De acuerdo con informaci\u00f3n del Servicio de Rentas Internas (SRI), al 28 de septiembre de 2023, las deudas firmes de los contribuyentes alcanzan los $ 2.583 millones.<\/li>\n<li>Que se eval\u00fae si los incentivos tributarios que benefician a los grandes contribuyentes, cumplen con los objetivos sociales y econ\u00f3micos para los cuales fueron concebidos. Es fundamental no otorgar nuevos beneficios en condiciones de generalidad, tiempo indefinido y sin una evaluaci\u00f3n inicial y continua suficiente que demuestre el logro de los prop\u00f3sitos sociales y econ\u00f3micos planteados.<\/li>\n<li>Que el Gobierno mantenga coherencia con la mayor\u00eda de los pa\u00edses latinoamericanos, incluido Ecuador, que votaron la propuesta hist\u00f3rica de los pa\u00edses africanos para crear una Convenci\u00f3n Tributaria en las Naciones Unidas. Esta tiene como objetivo fomentar la cooperaci\u00f3n entre naciones y combatir la evasi\u00f3n fiscal proveniente de los para\u00edsos fiscales.<\/li>\n<\/ul>\n<p>Queremos insistir en que para lograr resultados en el corto tiempo de mandato del Presidente Noboa, es imprescindible fortalecer el papel del Estado y aumentar la inversi\u00f3n p\u00fablica para garantizar los derechos consagrados en nuestra Constituci\u00f3n.<\/p>\n<p>Finalmente, hacemos un llamado a las instituciones de justicia y control para que investiguen la gesti\u00f3n del gobierno saliente de Lasso debido al da\u00f1o causado al pa\u00eds. Nuestros an\u00e1lisis e investigaciones son de dominio p\u00fablico, y confiamos en que puedan contribuir a un proceso serio respaldado por evidencias.<\/p>\n<p>&nbsp;<\/p>\n<p>Suscriben el presente comunicado:<\/p>\n<p>Centro de Derechos Econ\u00f3micos y Sociales -CDES<\/p>\n<p>Frente de Defensa Petrolero Ecuatoriano<\/p>\n<p>Jubileo 2000<\/p>\n<p>La Ra\u00edz<\/p>\n<p>Desborde<\/p>\n<p>Rethinking Economics-Ecuador<\/p>\n<p>Observatorio de la Dolarizaci\u00f3n<\/p>\n","protected":false},"excerpt":{"rendered":"<p>Quito, 23 de noviembre de 2023 El discurso que el [&hellip;]<\/p>\n","protected":false},"author":1,"featured_media":0,"comment_status":"open","ping_status":"open","sticky":false,"template":"","format":"standard","meta":{"_siteseo_robots_primary_cat":"","_joinchat":[],"footnotes":""},"categories":[9],"tags":[],"class_list":["post-9527","post","type-post","status-publish","format-standard","hentry","category-justiciafiscal"],"_links":{"self":[{"href":"https:\/\/cdes.org.ec\/webantigua\/wp-json\/wp\/v2\/posts\/9527","targetHints":{"allow":["GET"]}}],"collection":[{"href":"https:\/\/cdes.org.ec\/webantigua\/wp-json\/wp\/v2\/posts"}],"about":[{"href":"https:\/\/cdes.org.ec\/webantigua\/wp-json\/wp\/v2\/types\/post"}],"author":[{"embeddable":true,"href":"https:\/\/cdes.org.ec\/webantigua\/wp-json\/wp\/v2\/users\/1"}],"replies":[{"embeddable":true,"href":"https:\/\/cdes.org.ec\/webantigua\/wp-json\/wp\/v2\/comments?post=9527"}],"version-history":[{"count":1,"href":"https:\/\/cdes.org.ec\/webantigua\/wp-json\/wp\/v2\/posts\/9527\/revisions"}],"predecessor-version":[{"id":9530,"href":"https:\/\/cdes.org.ec\/webantigua\/wp-json\/wp\/v2\/posts\/9527\/revisions\/9530"}],"wp:attachment":[{"href":"https:\/\/cdes.org.ec\/webantigua\/wp-json\/wp\/v2\/media?parent=9527"}],"wp:term":[{"taxonomy":"category","embeddable":true,"href":"https:\/\/cdes.org.ec\/webantigua\/wp-json\/wp\/v2\/categories?post=9527"},{"taxonomy":"post_tag","embeddable":true,"href":"https:\/\/cdes.org.ec\/webantigua\/wp-json\/wp\/v2\/tags?post=9527"}],"curies":[{"name":"wp","href":"https:\/\/api.w.org\/{rel}","templated":true}]}}