{"id":9549,"date":"2023-11-30T20:36:06","date_gmt":"2023-11-30T20:36:06","guid":{"rendered":"https:\/\/cdes.org.ec\/webantigua\/?p=9549"},"modified":"2023-11-30T20:36:07","modified_gmt":"2023-11-30T20:36:07","slug":"financiamiento-climatico-justo-para-america-latina-y-el-caribe-rumbo-a-la-cop28","status":"publish","type":"post","link":"https:\/\/cdes.org.ec\/webantigua\/financiamiento-climatico-justo-para-america-latina-y-el-caribe-rumbo-a-la-cop28\/","title":{"rendered":"Financiamiento Clim\u00e1tico justo para Am\u00e9rica Latina y el Caribe rumbo a la COP28"},"content":{"rendered":"<ul>\n<li>Posicionamiento preparado por el proyecto \u201cDeuda, Crisis Clim\u00e1tica y Extractivismo en la Amazon\u00eda\u201d y la campa\u00f1a regional \u201cEl tiempo se acaba, \u00a1el futuro es YA!\u201d.<\/li>\n<\/ul>\n<p><strong><em>Datos clave sobre deuda, crisis clim\u00e1tica y financiamiento en Am\u00e9rica Latina y el Caribe:<\/em><\/strong><\/p>\n<ul>\n<li><strong>Am\u00e9rica Latina y el Caribe (ALC) genera apenas el 11% de las emisiones globales de gases contaminantes\u00a0<\/strong>que causan la crisis clim\u00e1tica; sin embargo<strong>, es altamente vulnerable a sus impactos.<\/strong><\/li>\n<li>Producto de la crisis m\u00faltiple y un sistema financiero internacional injusto y neocolonial,\u00a0<strong>la deuda ha alcanzado niveles r\u00e9cord en el mundo<\/strong>, llevando a casi 60 pa\u00edses en desarrollo a enfrentar severos problemas de endeudamiento, de los cuales\u00a0<strong>10 son pa\u00edses de ALC.\u00a0<\/strong><\/li>\n<li>Los pa\u00edses de la regi\u00f3n\u00a0<strong>no cuentan con recursos suficientes para enfrentar los crecientes impactos negativos de la crisis clim\u00e1tica<\/strong>, y ante niveles de endeudamiento cada vez m\u00e1s altos,\u00a0<strong>los recursos p\u00fablicos se destinan con prioridad al pago de la deuda antes que a salud, educaci\u00f3n y acci\u00f3n clim\u00e1tica<\/strong>.<\/li>\n<li>La\u00a0<strong>deuda p\u00fablica total de ALC a 2022 alcanz\u00f3 USD 4 billones<\/strong>\u00a0en un contexto financiero internacional que encarece y limita el acceso a financiamiento externo, considerando que\u00a0<strong>la tasa de inter\u00e9s en mercados de capitales para deuda soberana de pa\u00edses de ALC<\/strong>, en promedio 7.7%,<strong>\u00a0es superior a la tasa de inter\u00e9s que pagan pa\u00edses ricos, como Estados Unidos<\/strong>, que es de 3.1%<strong>.<\/strong><\/li>\n<li>Por otro lado, la clasificaci\u00f3n de<strong>\u00a0pa\u00edses de ingreso medio o alto<\/strong>\u00a0del Banco Mundial, sobre la base de un \u00fanico criterio esconde una serie de vulnerabilidades sociales y clim\u00e1ticas que<strong>\u00a0limita el acceso a financiamiento concesional y a alternativas de alivio de deuda para los pa\u00edses de ALC.<\/strong><\/li>\n<li>Ante el reducido espacio fiscal y el creciente peso de la deuda, los recursos p\u00fablicos no son suficientes para combatir la crisis clim\u00e1tica, por lo que<strong>\u00a0los pa\u00edses de ALC acuden al financiamiento clim\u00e1tico internacional<\/strong>\u00a0en el marco del compromiso incumplido de movilizar USD 100.000 millones anuales desde 2009 desde los pa\u00edses ricos. Sin embargo, Am\u00e9rica Latina y el Caribe accede s\u00f3lo al<strong>\u00a017% de lo que se logra movilizar anualmente, y el 81% de este llega en forma de pr\u00e9stamos,\u00a0<\/strong>que incrementan los niveles de deuda externa.<\/li>\n<li>Estos\u00a0<strong>fondos son de dif\u00edcil acceso,<\/strong>\u00a0especialmente para poblaciones expuestas a un\u00a0 mayor grado de vulnerabilidad, como comunidades ind\u00edgenas, mujeres, ni\u00f1ez y juventudes, familias de escasos recursos, personas con discapacidad, etc., y\u00a0<strong>los procesos de postulaci\u00f3n de proyectos a fondos clim\u00e1ticos como el Fondo Verde del Clima (FVC) pueden demorar hasta 5 a\u00f1os<\/strong>.<\/li>\n<li>Adem\u00e1s,\u00a0<strong>s\u00f3lo el 27% del financiamiento clim\u00e1tico internacional se destina a proyectos de adaptaci\u00f3n<\/strong>\u00a0que, sin duda, deber\u00edan ser una prioridad en regiones como la nuestra.<\/li>\n<\/ul>\n<p><strong><em>El c\u00edrculo vicioso entre la crisis clim\u00e1tica, la deuda y el extractivismo:<\/em><\/strong><\/p>\n<ul>\n<li>Dada la hist\u00f3rica dependencia de las econom\u00edas de la regi\u00f3n de la exportaci\u00f3n de materia prima,\u00a0<strong>los altos niveles de deuda profundizan el extractivismo en sectores como los hidrocarburos, la miner\u00eda y la agroindustria<\/strong>\u00a0-incluso ahora tambi\u00e9n con el litio- para generar ingresos (divisas) y garantizar el repago de la deuda, provocando enormes impactos sociales y ambientales,\u00a0<strong>retrasando la transici\u00f3n hacia nuevos mode\u00a0 b los<\/strong>\u00a0de desarrollo alineados al Acuerdo de Par\u00eds y\u00a0<strong>poniendo en riesgo el cumplimiento de los compromisos clim\u00e1ticos nacionales.<\/strong><\/li>\n<li>Tambi\u00e9n hay evidencia que demuestra que\u00a0<strong>acreedores como el FMI ejercen presi\u00f3n sobre pa\u00edses deudores para invertir m\u00e1s en sectores extractivos altamente contaminantes, y calificadoras de riesgo como Moody\u2019s han amenazado a pa\u00edses como Ecuador en reducir su calificaci\u00f3n crediticia\u00a0<\/strong>luego del refer\u00e9ndum que result\u00f3 en la decisi\u00f3n mayoritaria de no explotar petr\u00f3leo en Yasun\u00ed.<\/li>\n<li>Estas actividades extractivas est\u00e1n derivando en mayor deforestaci\u00f3n y, sumado a los efectos de la crisis clim\u00e1tica,\u00a0<strong>ponen en riesgo a regiones megadiversas como la Amazon\u00eda<\/strong>, que son fundamentales para proveer agua dulce, regular el clima y<strong>\u00a0<\/strong>son el h\u00e1bitat de muchas comunidades ind\u00edgenas y de millones de especies.<\/li>\n<li>Por otro lado, varios estudios afirman que, una\u00a0<strong>mayor vulnerabilidad clim\u00e1tica de un pa\u00eds deudor implica una mayor tasa de inter\u00e9s<\/strong>, lo que repercute negativa e injustamente en la capacidad de ese pa\u00eds de invertir en medidas de resiliencia clim\u00e1tica.<\/li>\n<li>Asimismo, ante\u00a0<strong>la ocurrencia de eventos clim\u00e1ticos extremos que generan da\u00f1os y millonarias p\u00e9rdidas econ\u00f3micas<\/strong>, y considerando que a\u00fan no existe en operaci\u00f3n un fondo para da\u00f1os y p\u00e9rdidas,\u00a0<strong>los pa\u00edses optan por un mayor endeudamiento externo para recuperarse<\/strong>.<\/li>\n<li>Es realmente alarmante que<strong>\u00a081% de dicho financiamiento llegue a la regi\u00f3n a trav\u00e9s de pr\u00e9stamos, muchos de ellos no concesionales,\u00a0<\/strong>que aumentan la deuda externa de pa\u00edses que son altamente vulnerables a la crisis clim\u00e1tica.<\/li>\n<li>La Banca Multilateral de Desarrollo tambi\u00e9n ha sido bastante cuestionada y es urgente\u00a0 reformarla, ya que sigue financiando combustibles f\u00f3siles, est\u00e1 enfocada en mitigaci\u00f3n y en catalizar financiamiento privado y\u00a0<strong>canalizan 91% del financiamiento clim\u00e1tico a trav\u00e9s de pr\u00e9stamos, 75% de ellos no concesionales.\u00a0<\/strong><\/li>\n<li>Es central visibilizar a nivel internacional que\u00a0<strong>los actuales acreedores de las deudas financieras de los pa\u00edses de ALC,\u00a0<\/strong>que tambi\u00e9n manejan el sistema financiero internacional,<strong>\u00a0son los principales<\/strong>\u00a0<strong>deudores clim\u00e1ticos y ecol\u00f3gicos y deben reparar a la humanidad por el da\u00f1o que han causado<\/strong>.<\/li>\n<li>De no darse verdaderas transformaciones,\u00a0<strong>la hist\u00f3rica deuda clim\u00e1tica y ecol\u00f3gica que tiene el Norte Global con el planeta seguir\u00e1 siendo injustamente pagada por pa\u00edses del Sur.<\/strong><\/li>\n<li><strong>Los pa\u00edses de ALC no podr\u00e1n salir de este c\u00edrculo vicioso en el que la \u00fanica alternativa disponible es recurrir a m\u00e1s deuda si no se plantean cambios<\/strong>. Por ello, para garantizar la preservaci\u00f3n de la Amazon\u00eda y otras \u00e1reas megadiversas, as\u00ed como una transici\u00f3n energ\u00e9tica justa y mayor resiliencia frente a la crisis clim\u00e1tica,<strong>\u00a0los pa\u00edses de ALC requieren<\/strong>\u00a0<strong>alternativas de financiamiento justo que respondan al principio de Responsabilidades Comunes pero Diferenciadas (CBDR, por sus siglas en ingl\u00e9s) y a lo establecido en el Art\u00edculo 9 del Acuerdo de Par\u00eds<\/strong>.<\/li>\n<\/ul>\n<p><strong><em>Nuestras demandas y propuestas de financiamiento clim\u00e1tico justo para ALC:<\/em><\/strong><\/p>\n<p>Considerando el incumplimiento a los compromisos de financiamiento clim\u00e1tico de los pa\u00edses ricos, las limitaciones de los mecanismos financieros de la Convenci\u00f3n Marco de Naciones Unidas frente al Cambio Clim\u00e1tico (CMNUCC), las necesidades de los pa\u00edses \u201cen desarrollo\u201d para hacer frente a la crisis clim\u00e1tica, estimada en 5.8 \u2013 5.9 billones de d\u00f3lares hasta 2030, y el poco tiempo que de acuerdo a las predicciones de la ciencia le queda a la humanidad para frenar la crisis clim\u00e1tica,\u00a0<strong>se necesitan soluciones distintas, \u00e1giles y que garanticen acceso a FINANCIAMIENTO JUSTO<\/strong>.<\/p>\n<p>Por ello, instamos a los gobiernos de los pa\u00edses de Am\u00e9rica Latina y el Caribe a unir voces y demandar a la comunidad financiera internacional una transformaci\u00f3n del sistema financiero en favor de la vida, que respete los DDHH, as\u00ed como los l\u00edmites planetarios, mediante los siguientes puntos:<\/p>\n<ol>\n<li><strong>Exigir a los pa\u00edses del Norte el urgente cumplimiento de sus compromisos<\/strong>, tanto en materia de financiamiento clim\u00e1tico, como en la reducci\u00f3n de sus emisiones de gases contaminantes principalmente de fuentes f\u00f3siles, sin que ello profundice el extractivismo en el Sur Global.<\/li>\n<li><strong>Rechazar las falsas soluciones,\u00a0<\/strong>como los mercados de carbono y otros instrumentos que promueven la financiarizaci\u00f3n de la naturaleza.<\/li>\n<li>Exigir\u00a0<strong>mayor<\/strong>\u00a0<strong>financiamiento clim\u00e1tico sin deuda ni condiciones para los pa\u00edses de ALC,\u00a0<\/strong>que responda a las necesidades reales, priorizando el acceso para las comunidades ind\u00edgenas y otros grupos altamente vulnerables, especialmente para adaptaci\u00f3n y para cubrir da\u00f1os y p\u00e9rdidas.<\/li>\n<li>Exigir la\u00a0<strong>pronta operativizaci\u00f3n del nuevo Fondo para Da\u00f1os y P\u00e9rdidas<\/strong>, que garantice\u00a0<strong>acceso directo, adicional y sin deuda a los grupos m\u00e1s afectados por la crisis clim\u00e1tica<\/strong>. Tener al Banco Mundial administrando este Fondo pone en riesgo todos esos pedidos desde la sociedad civil.<\/li>\n<li>Llevar a las instancias internacionales un pedido regional com\u00fan para\u00a0<strong>nuevas emisiones de\u00a0<\/strong><a role=\"link\" href=\"https:\/\/www.latindadd.org\/wp-content\/uploads\/2023\/11\/mas-deg-para-america-latina-y-el-caribe.pdf\"><strong>Derechos Especiales de Giro (DEG) como nueva fuente de financiamiento clim\u00e1tico<\/strong><\/a>, idealmente bajo nuevos criterios de distribuci\u00f3n que prioricen la asignaci\u00f3n a pa\u00edses con mayor vulnerabilidad.<\/li>\n<li>Exigir la\u00a0<strong>cancelaci\u00f3n del servicio de deuda y moratoria para pa\u00edses afectados por eventos clim\u00e1ticos extremos<\/strong>\u00a0y acceso inmediato a recursos que no generen deuda para la recuperaci\u00f3n; asimismo, se debe promover\u00a0<strong>el alivio de deuda desde acreedores p\u00fablicos y privados,<\/strong>\u00a0para liberar recursos que financien principalmente la adaptaci\u00f3n y conservaci\u00f3n de \u00e1reas mega diversas como la Amazon\u00eda. Los canjes de deuda por naturaleza y clima pueden ser una alternativa m\u00e1s si se dan a gran escala y cuando no prioricen intereses de intermediarios privados.<\/li>\n<li>Alinear un pedido regional para\u00a0<strong>promover una gobernanza econ\u00f3mica global m\u00e1s democr\u00e1tica y justa, donde los pa\u00edses del sur tengan una mayor participaci\u00f3n en la toma de decisiones de instituciones financieras multilaterales y en fondos clim\u00e1ticos, y reformar la actual arquitectura financiera internacional, poniendo al centro la vida y no el capital.<\/strong><\/li>\n<li>Promover y exigir un\u00a0<strong>mecanismo de reestructuraci\u00f3n de la deuda justo, independiente, oportuno, transparente y vinculante a todos los acreedores, en el seno de Naciones Unidas<\/strong>, y no bajo el liderazgo de los acreedores, como el G20, el FMI o Club de Par\u00eds.<\/li>\n<li>A nivel global, demandar la implementaci\u00f3n de<strong>\u00a0impuestos verdes internacionales progresivos para corporaciones de combustibles f\u00f3siles y de otras actividades altamente contaminantes, gravar las sobreganancias y aplicar impuestos a la riqueza<\/strong>, cuya recaudaci\u00f3n pueda aportar al financiamiento clim\u00e1tico de los pa\u00edses que m\u00e1s necesidades tienen.<\/li>\n<li><strong>Demandar la consideraci\u00f3n de nuevos indicadores que reflejen las vulnerabilidades econ\u00f3micas, sociales y clim\u00e1ticas de los pueblos de ALC,<\/strong>\u00a0m\u00e1s all\u00e1 del indicador de Ingreso Nacional Bruto (INB) per c\u00e1pita, para contar con criterios integrales que permitan acceder a un financiamiento justo accesible para grupos altamente vulnerables a la crisis clim\u00e1tica.<\/li>\n<\/ol>\n<p class=\"has-text-align-center\"><strong><em>No se trata s\u00f3lo de solidaridad entre pa\u00edses ricos y pobres, se trata de responsabilidad, reparaci\u00f3n de los da\u00f1os y justicia clim\u00e1tica<\/em><\/strong>.<\/p>\n<p class=\"has-text-align-center\"><strong>EL TIEMPO SE ACABA \u00a1EL FUTURO ES YA!<\/strong><\/p>\n<p><strong><a role=\"link\" href=\"https:\/\/cdes.org.ec\/webantigua\/wp-content\/uploads\/2023\/11\/posicionamiento-cop28-1.pdf\" target=\"_blank\" rel=\"noreferrer noopener\" data-type=\"link\" data-id=\"https:\/\/www.latindadd.org\/wp-content\/uploads\/2023\/11\/posicionamiento-cop28.pdf\">Descargalo aqu\u00ed<\/a><\/strong><\/p>\n<p><strong>Firmantes:<\/strong><\/p>\n<ul>\n<li>Red Latinoamericana por Justicia Econ\u00f3mica y Social (LATINDADD)<\/li>\n<li>Projekta \u2013 Suriname<\/li>\n<li>Instituto Popular de Capacitaci\u00f3n IPC \u2013 Colombia<\/li>\n<li>Plataforma Boliviana Frente al Cambio Clim\u00e1tico \u2013 Bolivia<\/li>\n<li>Centro de Derechos Econ\u00f3micos y Sociales (CDES) \u2013 Ecuador<\/li>\n<li>Movimiento Ciudadano frente al Cambio Clim\u00e1tico (MOCICC) \u2013 Per\u00fa<\/li>\n<li>Equidad de G\u00e9nero, Ciudadan\u00eda, Trabajo y Familia \u2013 M\u00e9xico<\/li>\n<li>Global Call to Action Against Poverty (GCAP) \u2013 Latinoam\u00e9rica y el Caribe<\/li>\n<li>Fundaci\u00f3n Renicc \u2013 Nicaragua<\/li>\n<li>Climate Action Network Latinoam\u00e9rica (CAN-LA)<\/li>\n<li>Decidamos, Campa\u00f1a por la Expresi\u00f3n Ciudadana \u2013 Paraguay<\/li>\n<li>Tzuk Kim Pop \u2013 Guatemala<\/li>\n<li>Fundaci\u00f3n Jubileo \u2013 Bolivia<\/li>\n<li>FARN Argentina<\/li>\n<\/ul>\n","protected":false},"excerpt":{"rendered":"<p>Posicionamiento preparado por el proyecto \u201cDeuda, Crisis Clim\u00e1tica y Extractivismo [&hellip;]<\/p>\n","protected":false},"author":1,"featured_media":9550,"comment_status":"open","ping_status":"open","sticky":false,"template":"","format":"standard","meta":{"_siteseo_robots_primary_cat":"","_joinchat":[],"footnotes":""},"categories":[12],"tags":[],"class_list":["post-9549","post","type-post","status-publish","format-standard","has-post-thumbnail","hentry","category-justiciaambiental"],"_links":{"self":[{"href":"https:\/\/cdes.org.ec\/webantigua\/wp-json\/wp\/v2\/posts\/9549","targetHints":{"allow":["GET"]}}],"collection":[{"href":"https:\/\/cdes.org.ec\/webantigua\/wp-json\/wp\/v2\/posts"}],"about":[{"href":"https:\/\/cdes.org.ec\/webantigua\/wp-json\/wp\/v2\/types\/post"}],"author":[{"embeddable":true,"href":"https:\/\/cdes.org.ec\/webantigua\/wp-json\/wp\/v2\/users\/1"}],"replies":[{"embeddable":true,"href":"https:\/\/cdes.org.ec\/webantigua\/wp-json\/wp\/v2\/comments?post=9549"}],"version-history":[{"count":1,"href":"https:\/\/cdes.org.ec\/webantigua\/wp-json\/wp\/v2\/posts\/9549\/revisions"}],"predecessor-version":[{"id":9551,"href":"https:\/\/cdes.org.ec\/webantigua\/wp-json\/wp\/v2\/posts\/9549\/revisions\/9551"}],"wp:featuredmedia":[{"embeddable":true,"href":"https:\/\/cdes.org.ec\/webantigua\/wp-json\/wp\/v2\/media\/9550"}],"wp:attachment":[{"href":"https:\/\/cdes.org.ec\/webantigua\/wp-json\/wp\/v2\/media?parent=9549"}],"wp:term":[{"taxonomy":"category","embeddable":true,"href":"https:\/\/cdes.org.ec\/webantigua\/wp-json\/wp\/v2\/categories?post=9549"},{"taxonomy":"post_tag","embeddable":true,"href":"https:\/\/cdes.org.ec\/webantigua\/wp-json\/wp\/v2\/tags?post=9549"}],"curies":[{"name":"wp","href":"https:\/\/api.w.org\/{rel}","templated":true}]}}