{"id":9577,"date":"2024-01-11T17:22:57","date_gmt":"2024-01-11T17:22:57","guid":{"rendered":"https:\/\/cdes.org.ec\/webantigua\/?p=9577"},"modified":"2024-01-11T18:35:06","modified_gmt":"2024-01-11T18:35:06","slug":"el-tratado-de-libre-comercio-ecuador-china-no-debe-ser-aprobado-hasta-que-se-realicen-amplias-consultas-con-la-sociedad-civil-y-se-aclaren-sus-posibles-impactos-para-la-produccion-local-el-medio-am","status":"publish","type":"post","link":"https:\/\/cdes.org.ec\/webantigua\/el-tratado-de-libre-comercio-ecuador-china-no-debe-ser-aprobado-hasta-que-se-realicen-amplias-consultas-con-la-sociedad-civil-y-se-aclaren-sus-posibles-impactos-para-la-produccion-local-el-medio-am\/","title":{"rendered":"El Tratado de Libre Comercio Ecuador &#8211; China no debe ser aprobado hasta que se realicen amplias consultas con la sociedad civil y se aclaren sus posibles impactos para la producci\u00f3n local, el medio ambiente y el empleo"},"content":{"rendered":"<p><em>Comunicado frente al Debate del Tratado de Libre Comercio entre Ecuador y China<\/em><\/p>\n<p>El d\u00eda de hoy jueves, 11 de enero de 2024, la Asamblea Nacional debe decidir la aprobaci\u00f3n legislativa del \u201cTratado de Libre Comercio entre el Gobierno de la Rep\u00fablica del Ecuador y el Gobierno de la Rep\u00fablica Popular China\u201d.<\/p>\n<p>El Gobierno de Guillermo Lasso negoci\u00f3 y suscribi\u00f3 este tratado de forma reservada, sin la \u00a0participaci\u00f3n ni consulta de los sectores potencialmente afectados como la peque\u00f1a y mediana industria, las comunidades asentadas en las zonas de influencia de las inversiones de empresas chinas, y los campesinos ecuatorianos.<\/p>\n<p>En esa misma l\u00ednea de opacidad institucional, nunca se hicieron p\u00fablicos estudios de impacto sobre el empleo, el medio ambiente y la producci\u00f3n nacional que la apertura comercial con el pa\u00eds que constituye el mayor exportador del mundo podr\u00eda provocar en nuestros sectores sensibles.<\/p>\n<p>La pol\u00edtica de suscribir acuerdos de libre comercio de forma indiscriminada, sin contar con estudios de impacto, y motivada s\u00f3lo para favorecer sectores que ya tienen un importante acceso a ese mercado, como el camar\u00f3n, ponen en riesgo la producci\u00f3n nacional, amenazan la diversificaci\u00f3n de nuestras exportaciones y ponen en peligro el deterioro del empleo y las normas ambientales.<\/p>\n<p>Por lo que exhortamos a la Asamblea Nacional a que no apruebe el Tratado hasta contar con un amplio proceso de consulta que cuente con estudios de impacto desarrollados por el Gobierno Nacional, organismos especializados \u00a0y la academia ecuatoriana.<\/p>\n","protected":false},"excerpt":{"rendered":"<p>Comunicado frente al Debate del Tratado de Libre Comercio entre [&hellip;]<\/p>\n","protected":false},"author":1,"featured_media":0,"comment_status":"open","ping_status":"open","sticky":false,"template":"","format":"standard","meta":{"_siteseo_robots_primary_cat":"","_joinchat":[],"footnotes":""},"categories":[87,23],"tags":[],"class_list":["post-9577","post","type-post","status-publish","format-standard","hentry","category-home-slider","category-tlc"],"_links":{"self":[{"href":"https:\/\/cdes.org.ec\/webantigua\/wp-json\/wp\/v2\/posts\/9577","targetHints":{"allow":["GET"]}}],"collection":[{"href":"https:\/\/cdes.org.ec\/webantigua\/wp-json\/wp\/v2\/posts"}],"about":[{"href":"https:\/\/cdes.org.ec\/webantigua\/wp-json\/wp\/v2\/types\/post"}],"author":[{"embeddable":true,"href":"https:\/\/cdes.org.ec\/webantigua\/wp-json\/wp\/v2\/users\/1"}],"replies":[{"embeddable":true,"href":"https:\/\/cdes.org.ec\/webantigua\/wp-json\/wp\/v2\/comments?post=9577"}],"version-history":[{"count":3,"href":"https:\/\/cdes.org.ec\/webantigua\/wp-json\/wp\/v2\/posts\/9577\/revisions"}],"predecessor-version":[{"id":9580,"href":"https:\/\/cdes.org.ec\/webantigua\/wp-json\/wp\/v2\/posts\/9577\/revisions\/9580"}],"wp:attachment":[{"href":"https:\/\/cdes.org.ec\/webantigua\/wp-json\/wp\/v2\/media?parent=9577"}],"wp:term":[{"taxonomy":"category","embeddable":true,"href":"https:\/\/cdes.org.ec\/webantigua\/wp-json\/wp\/v2\/categories?post=9577"},{"taxonomy":"post_tag","embeddable":true,"href":"https:\/\/cdes.org.ec\/webantigua\/wp-json\/wp\/v2\/tags?post=9577"}],"curies":[{"name":"wp","href":"https:\/\/api.w.org\/{rel}","templated":true}]}}