{"id":9594,"date":"2024-02-02T22:15:21","date_gmt":"2024-02-02T22:15:21","guid":{"rendered":"https:\/\/cdes.org.ec\/webantigua\/?p=9594"},"modified":"2024-02-02T22:40:38","modified_gmt":"2024-02-02T22:40:38","slug":"inseguridad-neoliberalismo-y-violacion-de-derechos-humanos-en-ecuador","status":"publish","type":"post","link":"https:\/\/cdes.org.ec\/webantigua\/inseguridad-neoliberalismo-y-violacion-de-derechos-humanos-en-ecuador\/","title":{"rendered":"Inseguridad, neoliberalismo y violaci\u00f3n de derechos humanos en Ecuador"},"content":{"rendered":"<p>El Centro de Derechos Econ\u00f3micos y Sociales \u2013 CDES, expresa su preocupaci\u00f3n por la situaci\u00f3n del pa\u00eds, la cual refleja las transformaciones en curso en Am\u00e9rica Latina caracterizadas\u00a0por el crecimiento del fen\u00f3meno del narcotr\u00e1fico, el neoliberalismo y el extractivismo. En Ecuador, ubicado estrat\u00e9gicamente en las nuevas rutas del narcotr\u00e1fico, estos procesos se encuentran acelerados debido a una compleja intersecci\u00f3n entre la violencia, el modelo econ\u00f3mico y los circuitos del capital.<\/p>\n<p>Las actividades il\u00edcitas en Ecuador operan dentro de la l\u00f3gica de desmantelamiento del Estado y las instituciones de control y justicia, lo que contribuye al lavado de dinero y la expansi\u00f3n de la influencia de las redes del narcotr\u00e1fico, con particular incidencia sobre sectores vinculados a la miner\u00eda ilegal, la exportaci\u00f3n agr\u00edcola y la participaci\u00f3n en mercados financieros e inmobiliarios. Este fen\u00f3meno destaca la necesidad de fortalecer el control sobre las\u00a0estructuras econ\u00f3micas que facilitan el flujo de dinero del narcotr\u00e1fico, considerando su impacto en la violaci\u00f3n de derechos humanos, incluyendo los derechos econ\u00f3micos, sociales, pol\u00edticos y civiles.<\/p>\n<p>CDES expresa su preocupaci\u00f3n por el desarrollo de un Estado securitario en Ecuador, que al mismo tiempo que retrocede en su funci\u00f3n de garante de derechos humanos, fortalece su rol represivo,\u00a0y debilita la aplicaci\u00f3n de pol\u00edticas sociales. La priorizaci\u00f3n de la agenda de seguridad sobre la social, con la reactivaci\u00f3n de figuras como el terrorismo y el enemigo interno, conlleva el riesgo de estigmatizar a ciertos sectores de la poblaci\u00f3n que por estereotipos raciales y socioecon\u00f3micos se consideran peligrosos.<\/p>\n<p>CDES destaca que, durante el primer mes de este a\u00f1o, se ha puesto en evidencia que la disputa territorial va m\u00e1s all\u00e1 de una confrontaci\u00f3n entre grupos criminales y el Estado. Casos como Encuentro y Met\u00e1stasis revelan v\u00ednculos entre estos grupos y diversas instituciones del aparato p\u00fablico, lo que plantea una seria amenaza para la integridad del sistema de seguridad y justicia, as\u00ed como para la protecci\u00f3n de los derechos fundamentales de la poblaci\u00f3n.<\/p>\n<p>Consideramos que la declaraci\u00f3n de conflicto armado interno, acompa\u00f1ada de una propuesta econ\u00f3mica urgente, plantea riesgos significativos para los derechos humanos de la poblaci\u00f3n al no permitirle expresar sus disidencias con la pol\u00edtica econ\u00f3mica impuesta en un contexto autoritario de supresi\u00f3n de derechos. Al mismo tiempo, una pol\u00edtica fiscal regresiva puede incrementar los niveles de pobreza y conflictividad produciendo a su vez nuevos incentivos para intensificar la militarizaci\u00f3n y la criminalizaci\u00f3n indiscriminada. El CDES insta a las autoridades ecuatorianas a reconsiderar esta medida, buscando soluciones que no comprometan la integridad de la soberan\u00eda ni sacrifiquen los derechos fundamentales de la poblaci\u00f3n.<\/p>\n<p>La declaratoria de conflicto armado interno conlleva, adem\u00e1s, el riesgo de intensificar la criminalizaci\u00f3n indiscriminada en todo el pa\u00eds, sobre todo de los sectores sociales empobrecidos y racializados, al tiempo que los grandes capitales que soportan la din\u00e1mica del mercado de las drogas (empresas exportadoras y bancos, principalmente) se mantienen en la impunidad.<\/p>\n<p>Nos preocupa que el gobierno de Noboa pueda continuar las pol\u00edticas de ajuste fiscal apoyadas por el FMI, que ya mostraron su fracaso en Ecuador. Por eso rechazamos el incremento del impuesto al valor agregado (IVA) que prioriza la compra de armas y equipo militar, por sobre el financiamiento del gasto social, ahondando las ya dif\u00edciles condiciones de vida de la mayor\u00eda de la poblaci\u00f3n ecuatoriana. Hacemos una especial menci\u00f3n a\u00a0la grave situaci\u00f3n por la que atraviesan los m\u00e1s j\u00f3venes y las mujeres. En el 2023 se registra un incremento del 640% en la tasa de homicidios de ni\u00f1as, ni\u00f1os y adolescentes y un feminicidio cada 27 horas. La crisis econ\u00f3mica y la austeridad fiscal han provocado niveles hist\u00f3ricos de deserci\u00f3n escolar y migraci\u00f3n infantil. Por eso exhortamos al Estado a asumir responsabilidades en la protecci\u00f3n integral de la poblaci\u00f3n ecuatoriana, especialmente de ni\u00f1as, ni\u00f1os y adolescentes, priorizando las regiones con altos \u00edndices de pobreza e inseguridad.<\/p>\n<p>Finalmente, CDES hace un fuerte llamado a las autoridades ecuatorianas para que tomen acciones que aborden las causas estructurales de la violencia y la desintegraci\u00f3n del Estado, solo fortaleciendo las pol\u00edticas p\u00fablicas soberanas y luchando contra la desigualdad, podremos extirpar de ra\u00edz la grave crisis que atravesamos.<\/p>\n<p>&nbsp;<\/p>\n<p>CDES, 2 de febrero del 2024<\/p>\n","protected":false},"excerpt":{"rendered":"<p>El Centro de Derechos Econ\u00f3micos y Sociales \u2013 CDES, expresa [&hellip;]<\/p>\n","protected":false},"author":1,"featured_media":9599,"comment_status":"open","ping_status":"open","sticky":false,"template":"","format":"standard","meta":{"_siteseo_robots_primary_cat":"","_joinchat":[],"footnotes":""},"categories":[79],"tags":[],"class_list":["post-9594","post","type-post","status-publish","format-standard","has-post-thumbnail","hentry","category-derechos-politicos-y-civiles"],"_links":{"self":[{"href":"https:\/\/cdes.org.ec\/webantigua\/wp-json\/wp\/v2\/posts\/9594","targetHints":{"allow":["GET"]}}],"collection":[{"href":"https:\/\/cdes.org.ec\/webantigua\/wp-json\/wp\/v2\/posts"}],"about":[{"href":"https:\/\/cdes.org.ec\/webantigua\/wp-json\/wp\/v2\/types\/post"}],"author":[{"embeddable":true,"href":"https:\/\/cdes.org.ec\/webantigua\/wp-json\/wp\/v2\/users\/1"}],"replies":[{"embeddable":true,"href":"https:\/\/cdes.org.ec\/webantigua\/wp-json\/wp\/v2\/comments?post=9594"}],"version-history":[{"count":3,"href":"https:\/\/cdes.org.ec\/webantigua\/wp-json\/wp\/v2\/posts\/9594\/revisions"}],"predecessor-version":[{"id":9650,"href":"https:\/\/cdes.org.ec\/webantigua\/wp-json\/wp\/v2\/posts\/9594\/revisions\/9650"}],"wp:featuredmedia":[{"embeddable":true,"href":"https:\/\/cdes.org.ec\/webantigua\/wp-json\/wp\/v2\/media\/9599"}],"wp:attachment":[{"href":"https:\/\/cdes.org.ec\/webantigua\/wp-json\/wp\/v2\/media?parent=9594"}],"wp:term":[{"taxonomy":"category","embeddable":true,"href":"https:\/\/cdes.org.ec\/webantigua\/wp-json\/wp\/v2\/categories?post=9594"},{"taxonomy":"post_tag","embeddable":true,"href":"https:\/\/cdes.org.ec\/webantigua\/wp-json\/wp\/v2\/tags?post=9594"}],"curies":[{"name":"wp","href":"https:\/\/api.w.org\/{rel}","templated":true}]}}