{"id":9625,"date":"2024-04-30T01:01:17","date_gmt":"2024-04-30T01:01:17","guid":{"rendered":"https:\/\/cdes.org.ec\/webantigua\/?p=9625"},"modified":"2024-04-30T14:02:23","modified_gmt":"2024-04-30T14:02:23","slug":"pronunciamiento-cdes-sobre-el-nuevo-acuerdo-con-el-fmi","status":"publish","type":"post","link":"https:\/\/cdes.org.ec\/webantigua\/pronunciamiento-cdes-sobre-el-nuevo-acuerdo-con-el-fmi\/","title":{"rendered":"Pronunciamiento CDES sobre el Nuevo Acuerdo con el FMI"},"content":{"rendered":"<p>El Centro de Derechos Econ\u00f3micos y Sociales (CDES) expresa su preocupaci\u00f3n por el reciente acuerdo entre el gobierno de Ecuador y el Fondo Monetario Internacional (FMI). Subrayamos que el acuerdo carece de legitimaci\u00f3n democr\u00e1tica requeridos por parte de la Asamblea Nacional del Ecuador<br \/>\ny no ha sido revisado por la Corte Constitucional del Ecuador. Esto refleja una falta de transparencia y participaci\u00f3n p\u00fablica en decisiones econ\u00f3micas y sociales importantes para el Ecuador.<br \/>\nEl CDES insta a una revisi\u00f3n de las pol\u00edticas econ\u00f3micas actuales, enfoc\u00e1ndose en el desarrollo sostenible, la diversificaci\u00f3n econ\u00f3mica y la protecci\u00f3n de derechos sociales y ambientales. Hacemos un llamado al gobierno y al FMI para ajustar los t\u00e9rminos del acuerdo, asegurando que sean justos y equitativos, sin comprometer los derechos de la poblaci\u00f3n en favor del servicio de la deuda externa.<\/p>\n<p>Descarga nuestro pronunciamiento completo <a href=\"https:\/\/cdes.org.ec\/webantigua\/wp-content\/uploads\/2024\/04\/Comunicado-CDES-A4-1.pdf\">aqu\u00ed<\/a><\/p>\n<p><a href=\"https:\/\/cdes.org.ec\/webantigua\/wp-content\/uploads\/2024\/04\/Comunicado-CDES-A4-1.pdf\"><img decoding=\"async\" class=\"alignnone wp-image-9628\" src=\"https:\/\/cdes.org.ec\/webantigua\/wp-content\/uploads\/2024\/04\/PronunciamientoFMI1.2-212x300.png\" alt=\"\" width=\"361\" height=\"511\" srcset=\"https:\/\/cdes.org.ec\/webantigua\/wp-content\/uploads\/2024\/04\/PronunciamientoFMI1.2-200x284.png 200w, https:\/\/cdes.org.ec\/webantigua\/wp-content\/uploads\/2024\/04\/PronunciamientoFMI1.2-212x300.png 212w, https:\/\/cdes.org.ec\/webantigua\/wp-content\/uploads\/2024\/04\/PronunciamientoFMI1.2-400x567.png 400w, https:\/\/cdes.org.ec\/webantigua\/wp-content\/uploads\/2024\/04\/PronunciamientoFMI1.2.png 593w\" sizes=\"(max-width: 361px) 100vw, 361px\" \/><\/a><a href=\"https:\/\/cdes.org.ec\/webantigua\/wp-content\/uploads\/2024\/04\/PronunciamientoFMI2.2.png\">\u00a0 \u00a0 <img decoding=\"async\" class=\"alignnone wp-image-9629\" src=\"https:\/\/cdes.org.ec\/webantigua\/wp-content\/uploads\/2024\/04\/PronunciamientoFMI2.2-212x300.png\" alt=\"\" width=\"364\" height=\"515\" srcset=\"https:\/\/cdes.org.ec\/webantigua\/wp-content\/uploads\/2024\/04\/PronunciamientoFMI2.2-200x283.png 200w, https:\/\/cdes.org.ec\/webantigua\/wp-content\/uploads\/2024\/04\/PronunciamientoFMI2.2-212x300.png 212w, https:\/\/cdes.org.ec\/webantigua\/wp-content\/uploads\/2024\/04\/PronunciamientoFMI2.2-400x566.png 400w, https:\/\/cdes.org.ec\/webantigua\/wp-content\/uploads\/2024\/04\/PronunciamientoFMI2.2.png 594w\" sizes=\"(max-width: 364px) 100vw, 364px\" \/><\/a><\/p>\n<p>&nbsp;<\/p>\n","protected":false},"excerpt":{"rendered":"<p>El Centro de Derechos Econ\u00f3micos y Sociales (CDES) expresa su [&hellip;]<\/p>\n","protected":false},"author":1,"featured_media":0,"comment_status":"open","ping_status":"open","sticky":false,"template":"","format":"standard","meta":{"_siteseo_robots_primary_cat":"","_joinchat":[],"footnotes":""},"categories":[46,87],"tags":[],"class_list":["post-9625","post","type-post","status-publish","format-standard","hentry","category-deuda","category-home-slider"],"_links":{"self":[{"href":"https:\/\/cdes.org.ec\/webantigua\/wp-json\/wp\/v2\/posts\/9625","targetHints":{"allow":["GET"]}}],"collection":[{"href":"https:\/\/cdes.org.ec\/webantigua\/wp-json\/wp\/v2\/posts"}],"about":[{"href":"https:\/\/cdes.org.ec\/webantigua\/wp-json\/wp\/v2\/types\/post"}],"author":[{"embeddable":true,"href":"https:\/\/cdes.org.ec\/webantigua\/wp-json\/wp\/v2\/users\/1"}],"replies":[{"embeddable":true,"href":"https:\/\/cdes.org.ec\/webantigua\/wp-json\/wp\/v2\/comments?post=9625"}],"version-history":[{"count":3,"href":"https:\/\/cdes.org.ec\/webantigua\/wp-json\/wp\/v2\/posts\/9625\/revisions"}],"predecessor-version":[{"id":9631,"href":"https:\/\/cdes.org.ec\/webantigua\/wp-json\/wp\/v2\/posts\/9625\/revisions\/9631"}],"wp:attachment":[{"href":"https:\/\/cdes.org.ec\/webantigua\/wp-json\/wp\/v2\/media?parent=9625"}],"wp:term":[{"taxonomy":"category","embeddable":true,"href":"https:\/\/cdes.org.ec\/webantigua\/wp-json\/wp\/v2\/categories?post=9625"},{"taxonomy":"post_tag","embeddable":true,"href":"https:\/\/cdes.org.ec\/webantigua\/wp-json\/wp\/v2\/tags?post=9625"}],"curies":[{"name":"wp","href":"https:\/\/api.w.org\/{rel}","templated":true}]}}