{"id":9771,"date":"2024-12-17T00:59:07","date_gmt":"2024-12-17T00:59:07","guid":{"rendered":"https:\/\/cdes.org.ec\/webantigua\/?p=9771"},"modified":"2024-12-17T01:03:05","modified_gmt":"2024-12-17T01:03:05","slug":"cdes-y-las-comunidades-de-galapagos-logran-avances-en-transparencia-en-el-mici-por-canje-de-deuda","status":"publish","type":"post","link":"https:\/\/cdes.org.ec\/webantigua\/cdes-y-las-comunidades-de-galapagos-logran-avances-en-transparencia-en-el-mici-por-canje-de-deuda\/","title":{"rendered":"CDES Y LAS COMUNIDADES DE GAL\u00c1PAGOS LOGRAN AVANCES EN TRANSPARENCIA EN EL MICI POR CANJE DE DEUDA"},"content":{"rendered":"<p>El Centro de Derechos Econ\u00f3micos y Sociales (CDES), conjuntamente con organizaciones sociales comunitarias y colectivos locales de las Islas Gal\u00e1pagos, iniciaron un proceso en el Mecanismo Independiente de Consulta e Investigaci\u00f3n (MICI) del Banco Interamericano de Desarrollo (BID), debido a las irregularidades encontradas en la operaci\u00f3n de canje de deuda por naturaleza en las Islas Gal\u00e1pagos, realizada en mayo de 2023.<\/p>\n<p>Este reclamo ante el MICI fue presentado en junio de 2024 y declarado elegible en septiembre del mismo a\u00f1o. Con ello, se establecieron mesas de negociaci\u00f3n entre las partes interesadas, entre ellas: el BID, el Estado ecuatoriano representado por el Ministerio de Econom\u00eda y Finanzas (MEF), el Ministerio de Ambiente, Agua y Transici\u00f3n Ecol\u00f3gica (MAATE) y los solicitantes, que dieron como resultado el siguiente acuerdo:<\/p>\n<p>&nbsp;<\/p>\n<h2><strong>Falta de transparencia <\/strong><\/h2>\n<p>El MAATE solicitar\u00e1 a la Junta del Gal\u00e1pagos Life Fund (GLF), en la pr\u00f3xima sesi\u00f3n de dicho \u00f3rgano, un rol de observador permanente para las comunidades que habitan las Islas Gal\u00e1pagos. Una vez aprobado por la Junta, y a propuesta del Grupo de Solicitantes, el MAATE notificar\u00e1 a la Asamblea Comunitaria de San Crist\u00f3bal la aprobaci\u00f3n de dicho rol.<\/p>\n<p>Los directores gubernamentales miembros de la Junta Directiva del GLF se comprometen a que la administraci\u00f3n del GLF actualice constantemente la p\u00e1gina web del fondo y publique los documentos de car\u00e1cter p\u00fablico del fondo.<\/p>\n<h2><strong>Falta de participaci\u00f3n de las organizaciones sociales y comunitarias locales de las Islas en la gobernanza del GLF <\/strong><\/h2>\n<p>Los directores gubernamentales miembros de la Junta del GLF solicitar\u00e1n a dicho \u00f3rgano la elaboraci\u00f3n de un proceso de selecci\u00f3n del\/la director\/a de ONG en la Junta que garantice la participaci\u00f3n de organizaciones sociales y comunitarias locales con representaci\u00f3n legal. El proceso de selecci\u00f3n deber\u00e1 ser abierto, participativo y transparente.<\/p>\n<p>La ONG deber\u00e1 tener sede y funcionarios que sean residentes permanentes en las Islas Gal\u00e1pagos. La persona que ocupe el lugar de director\/a de ONG en representaci\u00f3n de la ONG seleccionada debe tener residencia permanente en las Islas Gal\u00e1pagos.<\/p>\n<h2><strong>Fortalecimiento y desarrollo de capacidades para organizaciones sociales comunitarias locales <\/strong><\/h2>\n<p>Los directores gubernamentales miembros de la Junta del GLF solicitar\u00e1n que dicho \u00f3rgano apruebe un proyecto liderado e implementado por el fondo para el fortalecimiento y desarrollo de capacidades de las organizaciones sociales y comunitarias basadas en las islas. Dicha iniciativa tendr\u00e1 como objetivo el apoyo t\u00e9cnico y asesoramiento a organizaciones locales para la formulaci\u00f3n, presentaci\u00f3n, ejecuci\u00f3n, monitoreo, reporte y verificaci\u00f3n de proyectos. El proyecto tendr\u00e1 dos componentes:<\/p>\n<ol>\n<li>Una capacitaci\u00f3n gen\u00e9rica y<\/li>\n<li>Un servicio permanente que preste asesor\u00eda y resuelva dudas a los proyectos que se acerquen.<\/li>\n<\/ol>\n<h2><strong>Falta de acceso a recursos para las organizaciones sociales, comunitarias y colectivos locales <\/strong><\/h2>\n<p>Los directores gubernamentales miembros de la Junta del GLF solicitar\u00e1n a dicho \u00f3rgano que, en la asignaci\u00f3n de subvenciones para proyectos gubernamentales, m\u00ednimo el 18% de los recursos sean asignados a organizaciones sociales, comunitarias y colectivos locales de las Islas Gal\u00e1pagos.<\/p>\n<p>Nota (CDES): En la mesa de negociaci\u00f3n no se acept\u00f3 la implementaci\u00f3n de un mecanismo de control que garantice que la asignaci\u00f3n de fondos no favorezca recurrentemente a los mismos beneficiarios. Espec\u00edficamente, se buscaba evitar que los directores de ONGs dedicadas a la conservaci\u00f3n, que suelen acceder a estos recursos, mantengan relaciones de parentesco entre s\u00ed.<\/p>\n<h2><strong>Priorizaci\u00f3n de tem\u00e1ticas de preocupaci\u00f3n <\/strong><\/h2>\n<p>Los directores gubernamentales miembros de la Junta del GLF solicitar\u00e1n al Comit\u00e9 Asesor T\u00e9cnico del GLF que los proyectos de remediaci\u00f3n ambiental, proyectos de soberan\u00eda alimentaria asociados al cambio clim\u00e1tico y conservaci\u00f3n de \u00e1reas protegidas, proyectos de educaci\u00f3n ambiental y aquellos enfocados en cultura y desarrollo humano sostenible encaminados a la conservaci\u00f3n sean priorizados en su presentaci\u00f3n por parte de las organizaciones sociales, comunitarias y colectivos locales a la Junta para recibir financiamiento.<\/p>\n<h2><strong>Otros asuntos de inter\u00e9s de las Islas Gal\u00e1pagos <\/strong><\/h2>\n<p>El MAATE revisar\u00e1 alternativas de acci\u00f3n para el caso de \u00e1reas de anidaci\u00f3n de iguanas en Puerto Baquerizo Moreno, en la Isla San Crist\u00f3bal.<\/p>\n<p>Desarrollo de temas ambientales dentro de los p\u00e9nsum aprobados para educaci\u00f3n primaria y secundaria. El MAATE, a trav\u00e9s de su Direcci\u00f3n de Educaci\u00f3n Ambiental, se compromete a convocar a las autoridades pertinentes de las Gal\u00e1pagos y a las partes interesadas para avanzar en el desarrollo de la c\u00e1tedra de Desarrollo Sostenible en las Islas.<\/p>\n<p>&nbsp;<\/p>\n<p>El MICI realizar\u00e1 el seguimiento al cumplimiento del presente acuerdo por un periodo que no exceder\u00e1 los cinco a\u00f1os.<\/p>\n<p>Cabe mencionar que se excluyeron de las mesas de negociaci\u00f3n los temas relacionados con la decisi\u00f3n del BID sobre la operaci\u00f3n financiera y la utilizaci\u00f3n del canje de deuda como instrumento de pol\u00edtica p\u00fablica, por ser temas fuera del \u00e1mbito del Mecanismo. Por ello, se sigue desconociendo informaci\u00f3n de los contratos de deuda, que son de inter\u00e9s p\u00fablico.<\/p>\n<p>Es tambi\u00e9n necesario considerar que los canjes de deuda por naturaleza han demostrado que no reducen significativamente la deuda de los pa\u00edses donde se han ejecutado, pues son instrumentos destinados principalmente a una funci\u00f3n de conservaci\u00f3n ambiental. Los canjes implican, adem\u00e1s, una p\u00e9rdida de soberan\u00eda de los Estados, ya que son organizaciones privadas las que controlan los fondos de conservaci\u00f3n y las decisiones sobre el territorio sin un control y monitoreo adecuados, excluyendo a las comunidades locales.<\/p>\n<p>Finalmente, esperamos que este proceso sea un llamado de atenci\u00f3n para los bancos de desarrollo que siguen aplicando el mismo modelo de canje de deuda que se realiz\u00f3 en las Islas Gal\u00e1pagos. Los procesos de transparencia, participaci\u00f3n social y fortalecimiento de la gobernanza deben ser temas obligatorios para su implementaci\u00f3n.<\/p>\n<p>&nbsp;<\/p>\n<p><strong>Para leer el acuerdo completo,<\/strong> <a href=\"https:\/\/cdes.org.ec\/webantigua\/wp-content\/uploads\/2024\/12\/MICI-BID-EC-2024-0229-Informe-de-Evaluacion-y-Fase-de-Consulta-referente-al-Programa-para-el-Desarrollo-Sostenible-y-la-Biodiversidad-en-Ecuador.pdf\" target=\"_blank\" rel=\"noopener\">descargar aqu\u00ed<\/a><br \/>\n<strong>M\u00e1s informaci\u00f3n sobre el caso:<\/strong> <a href=\"https:\/\/mici.iadb.org\/es\/cases\/MICI-BID-EC-2024-0229\">https:\/\/mici.iadb.org\/es\/cases\/MICI-BID-EC-2024-0229<\/a><\/p>\n<p>&nbsp;<\/p>\n<p><strong>Contacto:<\/strong><br \/>\nVer\u00f3nica Iturralde<br \/>\ncomunicacion@cdes.org.ec<br \/>\n+593 99 518 9991<\/p>\n<p>&nbsp;<\/p>\n","protected":false},"excerpt":{"rendered":"<p>El Centro de Derechos Econ\u00f3micos y Sociales (CDES), conjuntamente con [&hellip;]<\/p>\n","protected":false},"author":2,"featured_media":9772,"comment_status":"open","ping_status":"open","sticky":false,"template":"","format":"standard","meta":{"_siteseo_robots_primary_cat":"","_joinchat":[],"footnotes":""},"categories":[46,87],"tags":[99,100],"class_list":["post-9771","post","type-post","status-publish","format-standard","has-post-thumbnail","hentry","category-deuda","category-home-slider","tag-canje-de-deuda","tag-galapagos"],"_links":{"self":[{"href":"https:\/\/cdes.org.ec\/webantigua\/wp-json\/wp\/v2\/posts\/9771","targetHints":{"allow":["GET"]}}],"collection":[{"href":"https:\/\/cdes.org.ec\/webantigua\/wp-json\/wp\/v2\/posts"}],"about":[{"href":"https:\/\/cdes.org.ec\/webantigua\/wp-json\/wp\/v2\/types\/post"}],"author":[{"embeddable":true,"href":"https:\/\/cdes.org.ec\/webantigua\/wp-json\/wp\/v2\/users\/2"}],"replies":[{"embeddable":true,"href":"https:\/\/cdes.org.ec\/webantigua\/wp-json\/wp\/v2\/comments?post=9771"}],"version-history":[{"count":4,"href":"https:\/\/cdes.org.ec\/webantigua\/wp-json\/wp\/v2\/posts\/9771\/revisions"}],"predecessor-version":[{"id":9778,"href":"https:\/\/cdes.org.ec\/webantigua\/wp-json\/wp\/v2\/posts\/9771\/revisions\/9778"}],"wp:featuredmedia":[{"embeddable":true,"href":"https:\/\/cdes.org.ec\/webantigua\/wp-json\/wp\/v2\/media\/9772"}],"wp:attachment":[{"href":"https:\/\/cdes.org.ec\/webantigua\/wp-json\/wp\/v2\/media?parent=9771"}],"wp:term":[{"taxonomy":"category","embeddable":true,"href":"https:\/\/cdes.org.ec\/webantigua\/wp-json\/wp\/v2\/categories?post=9771"},{"taxonomy":"post_tag","embeddable":true,"href":"https:\/\/cdes.org.ec\/webantigua\/wp-json\/wp\/v2\/tags?post=9771"}],"curies":[{"name":"wp","href":"https:\/\/api.w.org\/{rel}","templated":true}]}}