{"id":9793,"date":"2025-03-07T20:47:54","date_gmt":"2025-03-07T20:47:54","guid":{"rendered":"https:\/\/cdes.org.ec\/webantigua\/?p=9793"},"modified":"2025-03-08T19:16:37","modified_gmt":"2025-03-08T19:16:37","slug":"guia-formacion-economia-comunitaria-e-incidencia-politica","status":"publish","type":"post","link":"https:\/\/cdes.org.ec\/webantigua\/guia-formacion-economia-comunitaria-e-incidencia-politica\/","title":{"rendered":"GU\u00cdA DE FORMACI\u00d3N EN ECONOM\u00cdA COMUNITARIA E INCIDENCIA POL\u00cdTICA"},"content":{"rendered":"<p>En la Amazon\u00eda, las mujeres ind\u00edgenas han sido hist\u00f3ricamente el sost\u00e9n de la vida comunitaria. Desde su trabajo en la chacra, en la casa y en la organizaci\u00f3n, hasta su papel en la defensa del territorio, han sido esenciales para la reproducci\u00f3n de la vida, la identidad y la resistencia frente a la desigualdad. Sin embargo, el sistema econ\u00f3mico dominante ha invisibilizado su aporte y limitado su acceso a la autonom\u00eda econ\u00f3mica y a la toma de decisiones. Romper estas barreras no es solo una cuesti\u00f3n de justicia, sino una necesidad para la sobrevivencia cultural de los pueblos ind\u00edgenas, as\u00ed como la sostenibilidad de sus territorios.<\/p>\n<p>&nbsp;<\/p>\n<p><img decoding=\"async\" class=\"alignnone wp-image-9795 size-full\" src=\"https:\/\/cdes.org.ec\/webantigua\/wp-content\/uploads\/2025\/03\/Diseno-sin-titulo-15.png\" alt=\"\" width=\"1280\" height=\"960\" srcset=\"https:\/\/cdes.org.ec\/webantigua\/wp-content\/uploads\/2025\/03\/Diseno-sin-titulo-15-200x150.png 200w, https:\/\/cdes.org.ec\/webantigua\/wp-content\/uploads\/2025\/03\/Diseno-sin-titulo-15-300x225.png 300w, https:\/\/cdes.org.ec\/webantigua\/wp-content\/uploads\/2025\/03\/Diseno-sin-titulo-15-400x300.png 400w, https:\/\/cdes.org.ec\/webantigua\/wp-content\/uploads\/2025\/03\/Diseno-sin-titulo-15-600x450.png 600w, https:\/\/cdes.org.ec\/webantigua\/wp-content\/uploads\/2025\/03\/Diseno-sin-titulo-15-768x576.png 768w, https:\/\/cdes.org.ec\/webantigua\/wp-content\/uploads\/2025\/03\/Diseno-sin-titulo-15-800x600.png 800w, https:\/\/cdes.org.ec\/webantigua\/wp-content\/uploads\/2025\/03\/Diseno-sin-titulo-15-1024x768.png 1024w, https:\/\/cdes.org.ec\/webantigua\/wp-content\/uploads\/2025\/03\/Diseno-sin-titulo-15-1200x900.png 1200w, https:\/\/cdes.org.ec\/webantigua\/wp-content\/uploads\/2025\/03\/Diseno-sin-titulo-15.png 1280w\" sizes=\"(max-width: 1280px) 100vw, 1280px\" \/><\/p>\n<p>As\u00ed, el Centro de Derechos Econ\u00f3micos y Sociales (CDES) conjuntamente con las Escuelas de Formaci\u00f3n de Mujeres Amaz\u00f3nicas de la Federaci\u00f3n de la Nacionalidad Shuar de Pastaza (FENASH-P), la Federaci\u00f3n de Organizaciones Ind\u00edgenas de Napo (FOIN), la Uni\u00f3n de Afectados y Afectadas por las Operaciones Petroleras de Texaco (UDAPT) y la Confederaci\u00f3n de Nacionalidades Ind\u00edgenas de la Amazon\u00eda Ecuatoriana (CONFENIAE) crearon espacios para fortalecer sus conocimientos, compartir experiencias y desarrollar herramientas para consolidar su autonom\u00eda econ\u00f3mica y organizativa. Como resultado de este esfuerzo colectivo, nace la Gu\u00eda: \u201c<strong>Mujeres de la Amazon\u00eda en la construcci\u00f3n hacia una Econom\u00eda Comunitaria\u201d <\/strong>un documento dise\u00f1ado desde y para las mujeres amaz\u00f3nicas, en procesos de investigaci\u00f3n-acci\u00f3n-participativa, con el objetivo de generar contenidos que permitan a otras mujeres acceder a conocimiento para transformar su realidad econ\u00f3mica y social.<\/p>\n<p>&nbsp;<\/p>\n<p><img decoding=\"async\" class=\"alignnone wp-image-9796 size-full\" src=\"https:\/\/cdes.org.ec\/webantigua\/wp-content\/uploads\/2025\/03\/GdrFPaQWkAAikKJ.jpg\" alt=\"\" width=\"1280\" height=\"720\" srcset=\"https:\/\/cdes.org.ec\/webantigua\/wp-content\/uploads\/2025\/03\/GdrFPaQWkAAikKJ-200x113.jpg 200w, https:\/\/cdes.org.ec\/webantigua\/wp-content\/uploads\/2025\/03\/GdrFPaQWkAAikKJ-300x169.jpg 300w, https:\/\/cdes.org.ec\/webantigua\/wp-content\/uploads\/2025\/03\/GdrFPaQWkAAikKJ-400x225.jpg 400w, https:\/\/cdes.org.ec\/webantigua\/wp-content\/uploads\/2025\/03\/GdrFPaQWkAAikKJ-600x338.jpg 600w, https:\/\/cdes.org.ec\/webantigua\/wp-content\/uploads\/2025\/03\/GdrFPaQWkAAikKJ-768x432.jpg 768w, https:\/\/cdes.org.ec\/webantigua\/wp-content\/uploads\/2025\/03\/GdrFPaQWkAAikKJ-800x450.jpg 800w, https:\/\/cdes.org.ec\/webantigua\/wp-content\/uploads\/2025\/03\/GdrFPaQWkAAikKJ-1024x576.jpg 1024w, https:\/\/cdes.org.ec\/webantigua\/wp-content\/uploads\/2025\/03\/GdrFPaQWkAAikKJ-1200x675.jpg 1200w, https:\/\/cdes.org.ec\/webantigua\/wp-content\/uploads\/2025\/03\/GdrFPaQWkAAikKJ.jpg 1280w\" sizes=\"(max-width: 1280px) 100vw, 1280px\" \/><\/p>\n<p>Esta gu\u00eda no es solo un texto, es una hoja de ruta para el cambio. Una apuesta por una econom\u00eda que pone en el centro la vida y la justicia, que no explota, sino que cuida, que no concentra, sino que comparte. Aqu\u00ed, las mujeres no solo son parte del proceso productivo, sino protagonistas de su propia transformaci\u00f3n y de la de sus comunidades.<\/p>\n<p>Las voces de las mujeres amaz\u00f3nicas resuenan con fuerza. Esta es una invitaci\u00f3n a leer, compartir y aplicar este material en cada comunidad, en cada organizaci\u00f3n y en cada espacio de lucha. Porque la transformaci\u00f3n de la econom\u00eda empieza desde los territorios, desde la comunidad, y desde las mujeres que d\u00eda a d\u00eda sostienen la vida.<\/p>\n<p><a href=\"https:\/\/cdes.org.ec\/webantigua\/wp-content\/uploads\/2025\/03\/Mujeres-de-la-Amazonia-en-la-construccion-hacia-una-Economia-Comunitaria-1.pdf\">\ud83d\udce5 Descarga la gu\u00eda completa\u00a0<\/a><br \/>\n<a href=\"https:\/\/cdes.org.ec\/webantigua\/wp-content\/uploads\/2025\/03\/Mujeres-de-la-Amazonia-en-la-construccion-hacia-una-Economia-Comunitaria-1.pdf\"><img decoding=\"async\" class=\"alignnone wp-image-9798 size-medium\" title=\"https:\/\/cdes.org.ec\/webantigua\/wp-content\/uploads\/2025\/03\/Mujeres-de-la-Amazonia-en-la-construccion-hacia-una-Economia-Comunitaria-1.pdf\" src=\"https:\/\/cdes.org.ec\/webantigua\/wp-content\/uploads\/2025\/03\/Mujeres-de-la-Amazonia-en-la-construccion-hacia-una-Economia-Comunitaria-1.pdf-211x300.png\" alt=\"\" width=\"211\" height=\"300\" srcset=\"https:\/\/cdes.org.ec\/webantigua\/wp-content\/uploads\/2025\/03\/Mujeres-de-la-Amazonia-en-la-construccion-hacia-una-Economia-Comunitaria-1.pdf-200x284.png 200w, https:\/\/cdes.org.ec\/webantigua\/wp-content\/uploads\/2025\/03\/Mujeres-de-la-Amazonia-en-la-construccion-hacia-una-Economia-Comunitaria-1.pdf-211x300.png 211w, https:\/\/cdes.org.ec\/webantigua\/wp-content\/uploads\/2025\/03\/Mujeres-de-la-Amazonia-en-la-construccion-hacia-una-Economia-Comunitaria-1.pdf-400x568.png 400w, https:\/\/cdes.org.ec\/webantigua\/wp-content\/uploads\/2025\/03\/Mujeres-de-la-Amazonia-en-la-construccion-hacia-una-Economia-Comunitaria-1.pdf-600x852.png 600w, https:\/\/cdes.org.ec\/webantigua\/wp-content\/uploads\/2025\/03\/Mujeres-de-la-Amazonia-en-la-construccion-hacia-una-Economia-Comunitaria-1.pdf-721x1024.png 721w, https:\/\/cdes.org.ec\/webantigua\/wp-content\/uploads\/2025\/03\/Mujeres-de-la-Amazonia-en-la-construccion-hacia-una-Economia-Comunitaria-1.pdf-768x1091.png 768w, https:\/\/cdes.org.ec\/webantigua\/wp-content\/uploads\/2025\/03\/Mujeres-de-la-Amazonia-en-la-construccion-hacia-una-Economia-Comunitaria-1.pdf-800x1136.png 800w, https:\/\/cdes.org.ec\/webantigua\/wp-content\/uploads\/2025\/03\/Mujeres-de-la-Amazonia-en-la-construccion-hacia-una-Economia-Comunitaria-1.pdf-1081x1536.png 1081w, https:\/\/cdes.org.ec\/webantigua\/wp-content\/uploads\/2025\/03\/Mujeres-de-la-Amazonia-en-la-construccion-hacia-una-Economia-Comunitaria-1.pdf-1200x1705.png 1200w, https:\/\/cdes.org.ec\/webantigua\/wp-content\/uploads\/2025\/03\/Mujeres-de-la-Amazonia-en-la-construccion-hacia-una-Economia-Comunitaria-1.pdf.png 1408w\" sizes=\"(max-width: 211px) 100vw, 211px\" \/><\/a><\/p>\n<p>&nbsp;<\/p>\n","protected":false},"excerpt":{"rendered":"<p>En la Amazon\u00eda, las mujeres ind\u00edgenas han sido hist\u00f3ricamente el [&hellip;]<\/p>\n","protected":false},"author":2,"featured_media":9802,"comment_status":"open","ping_status":"open","sticky":false,"template":"","format":"standard","meta":{"_siteseo_robots_primary_cat":"42","_joinchat":[],"footnotes":""},"categories":[87,16],"tags":[107,73],"class_list":["post-9793","post","type-post","status-publish","format-standard","has-post-thumbnail","hentry","category-home-slider","category-mujeres-indigenas","tag-amazonia","tag-mujeres-indigenas"],"_links":{"self":[{"href":"https:\/\/cdes.org.ec\/webantigua\/wp-json\/wp\/v2\/posts\/9793","targetHints":{"allow":["GET"]}}],"collection":[{"href":"https:\/\/cdes.org.ec\/webantigua\/wp-json\/wp\/v2\/posts"}],"about":[{"href":"https:\/\/cdes.org.ec\/webantigua\/wp-json\/wp\/v2\/types\/post"}],"author":[{"embeddable":true,"href":"https:\/\/cdes.org.ec\/webantigua\/wp-json\/wp\/v2\/users\/2"}],"replies":[{"embeddable":true,"href":"https:\/\/cdes.org.ec\/webantigua\/wp-json\/wp\/v2\/comments?post=9793"}],"version-history":[{"count":9,"href":"https:\/\/cdes.org.ec\/webantigua\/wp-json\/wp\/v2\/posts\/9793\/revisions"}],"predecessor-version":[{"id":9811,"href":"https:\/\/cdes.org.ec\/webantigua\/wp-json\/wp\/v2\/posts\/9793\/revisions\/9811"}],"wp:featuredmedia":[{"embeddable":true,"href":"https:\/\/cdes.org.ec\/webantigua\/wp-json\/wp\/v2\/media\/9802"}],"wp:attachment":[{"href":"https:\/\/cdes.org.ec\/webantigua\/wp-json\/wp\/v2\/media?parent=9793"}],"wp:term":[{"taxonomy":"category","embeddable":true,"href":"https:\/\/cdes.org.ec\/webantigua\/wp-json\/wp\/v2\/categories?post=9793"},{"taxonomy":"post_tag","embeddable":true,"href":"https:\/\/cdes.org.ec\/webantigua\/wp-json\/wp\/v2\/tags?post=9793"}],"curies":[{"name":"wp","href":"https:\/\/api.w.org\/{rel}","templated":true}]}}