{"id":9812,"date":"2025-03-08T18:35:08","date_gmt":"2025-03-08T18:35:08","guid":{"rendered":"https:\/\/cdes.org.ec\/webantigua\/?p=9812"},"modified":"2025-03-10T18:11:53","modified_gmt":"2025-03-10T18:11:53","slug":"pronunciamiento-8m-mujeres-indigenas-afroecuatorianas-y-rurales","status":"publish","type":"post","link":"https:\/\/cdes.org.ec\/webantigua\/pronunciamiento-8m-mujeres-indigenas-afroecuatorianas-y-rurales\/","title":{"rendered":"PRONUNCIAMIENTO: 8M| Mujeres ind\u00edgenas, afroecuatorianas y rurales en resistencia frente a la violencia, la pobreza y la crisis"},"content":{"rendered":"<h2 style=\"text-align: right;\">8 de marzo de 2025<\/h2>\n<div>\n<p>Conmemoramos la lucha de las mujeres ecuatorianas contra la violencia estructural, la desigualdad y la falta de pol\u00edticas sociales y econ\u00f3micas justas. En un pa\u00eds golpeado por la crisis econ\u00f3mica, la inseguridad y la expansi\u00f3n del crimen organizado, ellas son quienes sufren m\u00e1s profundamente la pobreza y exclusi\u00f3n, especialmente cuando pertenecen a grupos hist\u00f3ricamente discriminados.<\/p>\n<p>En Ecuador, el 54% de la poblaci\u00f3n ind\u00edgena vive en situaci\u00f3n de pobreza por ingresos, mientras que el 64,38% de las ni\u00f1as ind\u00edgenas y el 51,14% de las ni\u00f1as afroecuatorianas enfrentan esta dura realidad diariamente. Apenas el 25% de los t\u00edtulos de propiedad rurales est\u00e1n en manos de mujeres, limitando gravemente su autonom\u00eda econ\u00f3mica. La violencia tambi\u00e9n deja marcas profundas: el 67,8% de las mujeres ind\u00edgenas y el 66,7% de las afroecuatorianas han sufrido violencia de g\u00e9nero, alcanzando incluso el 78,9% en algunas zonas de la Amazon\u00eda.<\/p>\n<p>A esta realidad se suma la devastaci\u00f3n ambiental causada por el modelo econ\u00f3mico que exige el extractivismo y la explotaci\u00f3n laboral para sostenerlo, despoja a comunidades enteras de sus territorios e intensifica la violencia contra las mujeres. Lo que empeora con la miner\u00eda ilegal, impulsada por mafias y el crimen organizado, convierte las zonas rurales e ind\u00edgenas en territorios de peligro constante, aumentando el riesgo de desplazamiento forzado y explotaci\u00f3n sexual.<\/p>\n<p>Hoy, en el D\u00eda Internacional de la Mujer, exigimos al Estado ecuatoriano pol\u00edticas concretas para garantizar la protecci\u00f3n social, econ\u00f3mica y ambiental de las mujeres ind\u00edgenas, afroecuatorianas y rurales, as\u00ed como acciones inmediatas para asegurar justicia, reparaci\u00f3n integral y protecci\u00f3n efectiva para todas las v\u00edctimas de violencia de g\u00e9nero y desplazamiento forzado. Nos unimos al grito de resistencia de aquellas que defienden la vida, la naturaleza y los derechos colectivos frente a la explotaci\u00f3n, la violencia y el abandono estatal.<\/p>\n<\/div>\n<p>&nbsp;<\/p>\n<p>&nbsp;<\/p>\n","protected":false},"excerpt":{"rendered":"<p>8 de marzo de 2025 Conmemoramos la lucha de las [&hellip;]<\/p>\n","protected":false},"author":2,"featured_media":9815,"comment_status":"open","ping_status":"open","sticky":false,"template":"","format":"standard","meta":{"_siteseo_robots_primary_cat":"42","_joinchat":[],"footnotes":""},"categories":[87,16],"tags":[],"class_list":["post-9812","post","type-post","status-publish","format-standard","has-post-thumbnail","hentry","category-home-slider","category-mujeres-indigenas"],"_links":{"self":[{"href":"https:\/\/cdes.org.ec\/webantigua\/wp-json\/wp\/v2\/posts\/9812","targetHints":{"allow":["GET"]}}],"collection":[{"href":"https:\/\/cdes.org.ec\/webantigua\/wp-json\/wp\/v2\/posts"}],"about":[{"href":"https:\/\/cdes.org.ec\/webantigua\/wp-json\/wp\/v2\/types\/post"}],"author":[{"embeddable":true,"href":"https:\/\/cdes.org.ec\/webantigua\/wp-json\/wp\/v2\/users\/2"}],"replies":[{"embeddable":true,"href":"https:\/\/cdes.org.ec\/webantigua\/wp-json\/wp\/v2\/comments?post=9812"}],"version-history":[{"count":3,"href":"https:\/\/cdes.org.ec\/webantigua\/wp-json\/wp\/v2\/posts\/9812\/revisions"}],"predecessor-version":[{"id":9818,"href":"https:\/\/cdes.org.ec\/webantigua\/wp-json\/wp\/v2\/posts\/9812\/revisions\/9818"}],"wp:featuredmedia":[{"embeddable":true,"href":"https:\/\/cdes.org.ec\/webantigua\/wp-json\/wp\/v2\/media\/9815"}],"wp:attachment":[{"href":"https:\/\/cdes.org.ec\/webantigua\/wp-json\/wp\/v2\/media?parent=9812"}],"wp:term":[{"taxonomy":"category","embeddable":true,"href":"https:\/\/cdes.org.ec\/webantigua\/wp-json\/wp\/v2\/categories?post=9812"},{"taxonomy":"post_tag","embeddable":true,"href":"https:\/\/cdes.org.ec\/webantigua\/wp-json\/wp\/v2\/tags?post=9812"}],"curies":[{"name":"wp","href":"https:\/\/api.w.org\/{rel}","templated":true}]}}