{"id":9828,"date":"2025-03-19T21:04:25","date_gmt":"2025-03-19T21:04:25","guid":{"rendered":"https:\/\/cdes.org.ec\/webantigua\/?p=9828"},"modified":"2025-03-19T21:04:25","modified_gmt":"2025-03-19T21:04:25","slug":"derrame-esmeraldas-ecocidio-impune","status":"publish","type":"post","link":"https:\/\/cdes.org.ec\/webantigua\/derrame-esmeraldas-ecocidio-impune\/","title":{"rendered":"COMUNICADO | EL DERRAME EN ESMERALDAS POR ROTURA DEL SOTE: UN ECOCIDIO QUE NO PUEDE QUEDAR IMPUNE"},"content":{"rendered":"<p>El Centro de Derechos Econ\u00f3micos y Sociales (CDES) expresa su profunda preocupaci\u00f3n y condena en\u00e9rgicamente el ecocidio provocado por el derrame de petr\u00f3leo en Esmeraldas, el cual ha contaminado gravemente los r\u00edos Viche y Caple, poniendo en peligro la vida de miles de personas, devastando ecosistemas y afectando gravemente el derecho humano al agua.<span data-ccp-props=\"{&quot;134233117&quot;:false,&quot;134233118&quot;:false,&quot;335551550&quot;:0,&quot;335551620&quot;:0,&quot;335559738&quot;:240,&quot;335559739&quot;:240}\">\u00a0<\/span><\/p>\n<p><span data-contrast=\"auto\">Este es uno de los mayores derrames petroleros accidentales en la historia del pa\u00eds, comparable al desastre causado por Texaco durante m\u00e1s de dos d\u00e9cadas, un crimen socioambiental cuyas responsabilidades penales deben ser plenamente esclarecidas y sancionadas. Este ecocidio no es un hecho aislado, sino el resultado directo del debilitamiento de la institucionalidad estatal, la falta de control y regulaci\u00f3n ambiental, y el desmantelamiento de las capacidades del Estado debido a la austeridad fiscal.<\/span><span data-ccp-props=\"{&quot;134233117&quot;:false,&quot;134233118&quot;:false,&quot;335551550&quot;:0,&quot;335551620&quot;:0,&quot;335559738&quot;:240,&quot;335559739&quot;:240}\">\u00a0<\/span><\/p>\n<h2><span data-contrast=\"auto\"><br \/>\nRESPONSABLES DIRECTOS Y POL\u00cdTICOS DEL ECOCIDIO<\/span><span data-ccp-props=\"{&quot;134233117&quot;:false,&quot;134233118&quot;:false,&quot;335551550&quot;:0,&quot;335551620&quot;:0,&quot;335559738&quot;:240,&quot;335559739&quot;:240}\">\u00a0<\/span><\/h2>\n<p><span data-contrast=\"auto\"><strong>El Gobierno de Daniel Noboa:<\/strong> Mientras el pa\u00eds enfrenta esta crisis ambiental sin precedentes, el gobierno ha demostrado m\u00e1s inter\u00e9s en hacer campa\u00f1a electoral y perseguir a la oposici\u00f3n que en asumir su responsabilidad de gobernar. La falta de inversi\u00f3n p\u00fablica en infraestructura cr\u00edtica y en el fortalecimiento de las instituciones encargadas del control ambiental han sido factores determinantes en este ecocidio.<\/span><span data-ccp-props=\"{&quot;134233117&quot;:false,&quot;134233118&quot;:false,&quot;335551550&quot;:0,&quot;335551620&quot;:0,&quot;335559738&quot;:240,&quot;335559739&quot;:240}\">\u00a0<\/span><\/p>\n<p><span data-contrast=\"auto\"><strong>Ministerio de Energ\u00eda y Recursos Naturales No Renovables:<\/strong> quienes deb\u00edan activar el Plan de Emergencia y Contingencia, ejecutar acciones de contenci\u00f3n con barreras y diques, coordinar tareas de limpieza, monitoreo y remediaci\u00f3n y han fallado; adem\u00e1s de evaluar la calidad del suelo y garantizar el suministro de agua potable en las zonas afectadas. <\/span><\/p>\n<p><strong>Petroecuador:<\/strong> Como operador del Sistema de Oleoducto Transecuatoriano (SOTE), Petroecuador tiene la obligaci\u00f3n de garantizar el mantenimiento y la seguridad del ducto. Este derrame es consecuencia directa de la falta de inversi\u00f3n en infraestructura, mantenimiento y monitoreo, ausencia de medidas preventivas ante deslizamientos de tierra y una respuesta tard\u00eda e ineficaz.<span data-ccp-props=\"{&quot;134233117&quot;:false,&quot;134233118&quot;:false,&quot;335551550&quot;:0,&quot;335551620&quot;:0,&quot;335559738&quot;:240,&quot;335559739&quot;:240}\">\u00a0<\/span><\/p>\n<p><span data-contrast=\"auto\"><strong>Ministerio del Ambiente, Agua y Transici\u00f3n Ecol\u00f3gica:<\/strong> Esta instituci\u00f3n, que deber\u00eda velar por la protecci\u00f3n de los recursos naturales y los derechos ambientales, ha sufrido un grave debilitamiento en sus capacidades de fiscalizaci\u00f3n y respuesta. Las pol\u00edticas de austeridad han reducido los recursos destinados a la prevenci\u00f3n y monitoreo ambiental, lo que ha permitido que fallas estructurales como las que causaron este derrame queden sin atenci\u00f3n oportuna.<\/span><span data-ccp-props=\"{&quot;134233117&quot;:false,&quot;134233118&quot;:false,&quot;335551550&quot;:0,&quot;335551620&quot;:0,&quot;335559738&quot;:240,&quot;335559739&quot;:240}\">\u00a0<\/span><\/p>\n<p><span data-contrast=\"auto\"><strong>Las empresas subcontratadas:<\/strong> Si se confirma que empresas privadas estaban a cargo del monitoreo y mantenimiento de la infraestructura del SOTE, exigimos que se revele qu\u00e9 compa\u00f1\u00edas estaban involucradas y qu\u00e9 fallas cometieron en la prevenci\u00f3n de este ecocidio.<\/span><span data-ccp-props=\"{&quot;134233117&quot;:false,&quot;134233118&quot;:false,&quot;335551550&quot;:0,&quot;335551620&quot;:0,&quot;335559738&quot;:240,&quot;335559739&quot;:240}\">\u00a0<\/span><\/p>\n<p>&nbsp;<\/p>\n<h2><span data-contrast=\"auto\">RESPONSABILIDAD PENAL POR ECOCIDIO<\/span><span data-ccp-props=\"{&quot;134233117&quot;:false,&quot;134233118&quot;:false,&quot;335551550&quot;:0,&quot;335551620&quot;:0,&quot;335559738&quot;:240,&quot;335559739&quot;:240}\">\u00a0<\/span><\/h2>\n<p><span data-contrast=\"auto\"><em>Recordamos que el C\u00f3digo Org\u00e1nico Integral Penal (COIP), en su Art\u00edculo 251 (Delitos contra el ambiente), sanciona con hasta 3 a\u00f1os de prisi\u00f3n a quienes, por acci\u00f3n u omisi\u00f3n, contaminen el agua, el suelo o el aire de forma que genere da\u00f1o grave a la salud de las personas o a los ecosistemas. Exigimos a las autoridades judiciales que act\u00faen conforme a derecho y lleven ante la justicia a los responsables de este crimen ambiental.<\/em><\/span><span data-ccp-props=\"{&quot;134233117&quot;:false,&quot;134233118&quot;:false,&quot;335551550&quot;:0,&quot;335551620&quot;:0,&quot;335559738&quot;:240,&quot;335559739&quot;:240}\">\u00a0<\/span><\/p>\n<p><span data-contrast=\"auto\">\u00a0<\/span><\/p>\n<h2><strong>CONSECUENCIAS DEL ECOCIDIO: UNA CRISIS HUMANITARIA Y AMBIENTAL\u00a0<\/strong><\/h2>\n<ul>\n<li><span data-contrast=\"auto\"> M\u00e1s de 500,000 personas afectadas por la contaminaci\u00f3n de fuentes de agua, poniendo en peligro la salud y el acceso a recursos b\u00e1sicos.<\/span><\/li>\n<li><span data-contrast=\"auto\"> Destrucci\u00f3n de la fauna y flora de los r\u00edos Viche y Caple, generando un impacto ecol\u00f3gico irreversible en la biodiversidad de Esmeraldas.<\/span><\/li>\n<li><span data-contrast=\"auto\"> Comunidades ind\u00edgenas, campesinas y pescadores gravemente afectadas, con p\u00e9rdidas econ\u00f3micas incalculables y sin garant\u00edas de reparaci\u00f3n inmediata.<\/span><\/li>\n<li><span data-contrast=\"auto\"> La recuperaci\u00f3n del ecosistema podr\u00eda tardar m\u00e1s de una d\u00e9cada, mientras el Estado ecuatoriano no cuenta con planes claros ni compromiso real para restaurar las zonas afectadas.<\/span><\/li>\n<\/ul>\n<p><span data-contrast=\"auto\">\u00a0<\/span><\/p>\n<h2 style=\"text-align: center;\">NUESTRAS EXIGENCIAS<span data-ccp-props=\"{&quot;134233117&quot;:false,&quot;134233118&quot;:false,&quot;335551550&quot;:0,&quot;335551620&quot;:0,&quot;335559738&quot;:240,&quot;335559739&quot;:240}\">\u00a0<\/span><\/h2>\n<ul>\n<li><span data-contrast=\"auto\"> Declaraci\u00f3n inmediata de emergencia ambiental y social en Esmeraldas, con medidas urgentes para abastecer de agua potable a las comunidades afectadas y proteger la salud de la poblaci\u00f3n.<\/span><\/li>\n<li><span data-contrast=\"auto\"> Juicio y sanci\u00f3n penal a los responsables de este ecocidio, incluyendo altos funcionarios de Petroecuador, los Ministerios de Energ\u00eda y del Ambiente, y el gobierno de Daniel Noboa.<\/span><\/li>\n<li><span data-contrast=\"auto\"> Indemnizaci\u00f3n inmediata para las comunidades afectadas y un plan de recuperaci\u00f3n ambiental con participaci\u00f3n directa de las poblaciones locales.<\/span><\/li>\n<li><span data-contrast=\"auto\"> Auditor\u00eda independiente a Petroecuador y a las empresas subcontratadas para determinar responsabilidades y evitar futuros desastres.<\/span><\/li>\n<li><span data-contrast=\"auto\"> Fin al desmantelamiento de la institucionalidad estatal que ha permitido que fallas en la regulaci\u00f3n, control e inversi\u00f3n p\u00fablica conduzcan a crisis como esta.<\/span><\/li>\n<\/ul>\n<p><strong>Este no es un \u201caccidente\u201d, sino el resultado predecible de un Estado debilitado, una administraci\u00f3n ausente y una pol\u00edtica de austeridad que ha dejado sin protecci\u00f3n a las comunidades y al ambiente. No permitiremos que la impunidad se imponga.\u00a0<\/strong><\/p>\n<p style=\"text-align: left;\"><span data-contrast=\"auto\"><\/p>\n<p>19 de marzo de 2025<\/span><span data-ccp-props=\"{&quot;134233117&quot;:false,&quot;134233118&quot;:false,&quot;335551550&quot;:0,&quot;335551620&quot;:0,&quot;335559738&quot;:240,&quot;335559739&quot;:240}\"><br \/>\n<\/span>Centro de Derechos Econ\u00f3micos y Sociales (CDES)<\/p>\n<p><a href=\"https:\/\/cdes.org.ec\/webantigua\/wp-content\/uploads\/2025\/03\/Comunicado-CDES-A4.pdf\">Descarga nuestro comunicado aqu\u00ed<\/a><\/p>\n","protected":false},"excerpt":{"rendered":"<p>El Centro de Derechos Econ\u00f3micos y Sociales (CDES) expresa su [&hellip;]<\/p>\n","protected":false},"author":2,"featured_media":9825,"comment_status":"open","ping_status":"open","sticky":false,"template":"","format":"standard","meta":{"_siteseo_robots_primary_cat":"42","_joinchat":[],"footnotes":""},"categories":[79,87,12],"tags":[110],"class_list":["post-9828","post","type-post","status-publish","format-standard","has-post-thumbnail","hentry","category-derechos-politicos-y-civiles","category-home-slider","category-justiciaambiental","tag-esmeraldas"],"_links":{"self":[{"href":"https:\/\/cdes.org.ec\/webantigua\/wp-json\/wp\/v2\/posts\/9828","targetHints":{"allow":["GET"]}}],"collection":[{"href":"https:\/\/cdes.org.ec\/webantigua\/wp-json\/wp\/v2\/posts"}],"about":[{"href":"https:\/\/cdes.org.ec\/webantigua\/wp-json\/wp\/v2\/types\/post"}],"author":[{"embeddable":true,"href":"https:\/\/cdes.org.ec\/webantigua\/wp-json\/wp\/v2\/users\/2"}],"replies":[{"embeddable":true,"href":"https:\/\/cdes.org.ec\/webantigua\/wp-json\/wp\/v2\/comments?post=9828"}],"version-history":[{"count":2,"href":"https:\/\/cdes.org.ec\/webantigua\/wp-json\/wp\/v2\/posts\/9828\/revisions"}],"predecessor-version":[{"id":9830,"href":"https:\/\/cdes.org.ec\/webantigua\/wp-json\/wp\/v2\/posts\/9828\/revisions\/9830"}],"wp:featuredmedia":[{"embeddable":true,"href":"https:\/\/cdes.org.ec\/webantigua\/wp-json\/wp\/v2\/media\/9825"}],"wp:attachment":[{"href":"https:\/\/cdes.org.ec\/webantigua\/wp-json\/wp\/v2\/media?parent=9828"}],"wp:term":[{"taxonomy":"category","embeddable":true,"href":"https:\/\/cdes.org.ec\/webantigua\/wp-json\/wp\/v2\/categories?post=9828"},{"taxonomy":"post_tag","embeddable":true,"href":"https:\/\/cdes.org.ec\/webantigua\/wp-json\/wp\/v2\/tags?post=9828"}],"curies":[{"name":"wp","href":"https:\/\/api.w.org\/{rel}","templated":true}]}}