{"id":9847,"date":"2024-10-21T18:46:23","date_gmt":"2024-10-21T18:46:23","guid":{"rendered":"https:\/\/cdes.org.ec\/webantigua\/?p=9847"},"modified":"2025-03-27T19:50:54","modified_gmt":"2025-03-27T19:50:54","slug":"encuentro-mujeres-cdes-elaboracion-informe-sombra-de-la-cedaw","status":"publish","type":"post","link":"https:\/\/cdes.org.ec\/webantigua\/encuentro-mujeres-cdes-elaboracion-informe-sombra-de-la-cedaw\/","title":{"rendered":"Encuentro de las Escuelas de mujeres de CDES para la elaboraci\u00f3n del informe sombra de la CEDAW"},"content":{"rendered":"<p class=\"\" data-start=\"382\" data-end=\"878\">El Encuentro de las Escuelas de Formaci\u00f3n en Econom\u00eda Comunitaria e Incidencia Pol\u00edtica reuni\u00f3 a m\u00e1s de <strong data-start=\"486\" data-end=\"514\">130 lideresas amaz\u00f3nicas<\/strong> de organizaciones como FENASH-P, FOIN y UDAPT. En este espacio, se debatieron los principales problemas que enfrentan las mujeres amaz\u00f3nicas para la elaboraci\u00f3n del Informe Sombra para la CEDAW y se construyeron propuestas en torno a temas clave como <strong data-start=\"713\" data-end=\"875\">violencia de g\u00e9nero, medios de vida sostenibles, financiamiento, representaci\u00f3n pol\u00edtica, defensa del territorio, cambio clim\u00e1tico, educaci\u00f3n y salud<\/strong>.<\/p>\n<ul>\n<li data-start=\"1165\" data-end=\"1475\"><strong data-start=\"1168\" data-end=\"1206\">Violencia de G\u00e9nero en la Amazon\u00eda<\/strong> \u2013 Se abordaron rutas y protocolos de actuaci\u00f3n para la erradicaci\u00f3n de la violencia de g\u00e9nero, enfatizando la aplicaci\u00f3n de la Ley Org\u00e1nica Integral para la Prevenci\u00f3n y Erradicaci\u00f3n de la Violencia contra las Mujeres y otros marcos legales de protecci\u00f3n.<\/li>\n<li data-start=\"1165\" data-end=\"1475\"><strong data-start=\"1480\" data-end=\"1525\">Mujeres Amaz\u00f3nicas, Ambiente y Territorio<\/strong> \u2013 Se discuti\u00f3 el impacto de las actividades extractivas en los territorios ind\u00edgenas y se propusieron estrategias para la defensa del medio ambiente y los derechos de las comunidades.<\/li>\n<li data-start=\"1165\" data-end=\"1475\"><strong data-start=\"1716\" data-end=\"1787\">Resultados del Censo y An\u00e1lisis Coyuntural sobre Mujeres Amaz\u00f3nicas<\/strong> \u2013 Se presentaron datos clave sobre la situaci\u00f3n de las mujeres en la regi\u00f3n, destacando desaf\u00edos y oportunidades en su participaci\u00f3n pol\u00edtica y econ\u00f3mica.<\/li>\n<li data-start=\"1165\" data-end=\"1475\"><strong data-start=\"1949\" data-end=\"1996\">Mandato del Encuentro de Mujeres Ind\u00edgenas<\/strong> \u2013 Se establecieron compromisos y lineamientos para la incidencia pol\u00edtica y la participaci\u00f3n de las mujeres en la toma de decisiones.<\/li>\n<\/ul>\n<p>&nbsp;<\/p>\n<h2 data-start=\"2134\" data-end=\"2168\"><strong data-start=\"2138\" data-end=\"2166\">Impacto y Pr\u00f3ximos Pasos<\/strong><\/h2>\n<p class=\"\" data-start=\"2169\" data-end=\"2498\">Las propuestas generadas en este Encuentro ser\u00e1n presentadas en la <strong data-start=\"2236\" data-end=\"2308\">I Cumbre Nacional de Mujeres Ind\u00edgenas organizada por CONAIE Ecuador<\/strong> y contribuir\u00e1n a la elaboraci\u00f3n del <strong data-start=\"2345\" data-end=\"2377\">Informe Sombra para la CEDAW<\/strong>, reforzando la visibilidad de las problem\u00e1ticas que enfrentan las mujeres amaz\u00f3nicas a nivel nacional e internacional.<\/p>\n<p class=\"\" data-start=\"2500\" data-end=\"2587\">\ud83d\udcc4 <strong data-start=\"2503\" data-end=\"2542\"><a href=\"https:\/\/cdes.org.ec\/webantigua\/wp-content\/uploads\/2025\/03\/241014_Memoria_Encuentro_Escuelas_Formacion_Mujeres-1.pdf\">Descarga la memoria aqu\u00ed<\/a><br \/>\n<a href=\"https:\/\/cdes.org.ec\/webantigua\/wp-content\/uploads\/2025\/03\/241014_Memoria_Encuentro_Escuelas_Formacion_Mujeres-1.pdf-1.png\" target=\"_blank\" rel=\"https:\/\/cdes.org.ec\/webantigua\/wp-content\/uploads\/2025\/03\/241014_Memoria_Encuentro_Escuelas_Formacion_Mujeres-1.pdf noopener\"><img decoding=\"async\" class=\"alignnone wp-image-9845 size-medium\" src=\"https:\/\/cdes.org.ec\/webantigua\/wp-content\/uploads\/2025\/03\/241014_Memoria_Encuentro_Escuelas_Formacion_Mujeres-1.pdf-1-212x300.png\" alt=\"\" width=\"212\" height=\"300\" srcset=\"https:\/\/cdes.org.ec\/webantigua\/wp-content\/uploads\/2025\/03\/241014_Memoria_Encuentro_Escuelas_Formacion_Mujeres-1.pdf-1-200x283.png 200w, https:\/\/cdes.org.ec\/webantigua\/wp-content\/uploads\/2025\/03\/241014_Memoria_Encuentro_Escuelas_Formacion_Mujeres-1.pdf-1-212x300.png 212w, https:\/\/cdes.org.ec\/webantigua\/wp-content\/uploads\/2025\/03\/241014_Memoria_Encuentro_Escuelas_Formacion_Mujeres-1.pdf-1-400x566.png 400w, https:\/\/cdes.org.ec\/webantigua\/wp-content\/uploads\/2025\/03\/241014_Memoria_Encuentro_Escuelas_Formacion_Mujeres-1.pdf-1-600x849.png 600w, https:\/\/cdes.org.ec\/webantigua\/wp-content\/uploads\/2025\/03\/241014_Memoria_Encuentro_Escuelas_Formacion_Mujeres-1.pdf-1-724x1024.png 724w, https:\/\/cdes.org.ec\/webantigua\/wp-content\/uploads\/2025\/03\/241014_Memoria_Encuentro_Escuelas_Formacion_Mujeres-1.pdf-1-768x1086.png 768w, https:\/\/cdes.org.ec\/webantigua\/wp-content\/uploads\/2025\/03\/241014_Memoria_Encuentro_Escuelas_Formacion_Mujeres-1.pdf-1-800x1132.png 800w, https:\/\/cdes.org.ec\/webantigua\/wp-content\/uploads\/2025\/03\/241014_Memoria_Encuentro_Escuelas_Formacion_Mujeres-1.pdf-1-1086x1536.png 1086w, https:\/\/cdes.org.ec\/webantigua\/wp-content\/uploads\/2025\/03\/241014_Memoria_Encuentro_Escuelas_Formacion_Mujeres-1.pdf-1-1200x1697.png 1200w, https:\/\/cdes.org.ec\/webantigua\/wp-content\/uploads\/2025\/03\/241014_Memoria_Encuentro_Escuelas_Formacion_Mujeres-1.pdf-1.png 1414w\" sizes=\"(max-width: 212px) 100vw, 212px\" \/><\/a><br \/>\n<\/strong><\/p>\n","protected":false},"excerpt":{"rendered":"<p>El Encuentro de las Escuelas de Formaci\u00f3n en Econom\u00eda Comunitaria [&hellip;]<\/p>\n","protected":false},"author":2,"featured_media":9846,"comment_status":"open","ping_status":"open","sticky":false,"template":"","format":"standard","meta":{"_siteseo_robots_primary_cat":"42","_joinchat":[],"footnotes":""},"categories":[16],"tags":[103,72,73],"class_list":["post-9847","post","type-post","status-publish","format-standard","has-post-thumbnail","hentry","category-mujeres-indigenas","tag-informe","tag-mujeres","tag-mujeres-indigenas"],"_links":{"self":[{"href":"https:\/\/cdes.org.ec\/webantigua\/wp-json\/wp\/v2\/posts\/9847","targetHints":{"allow":["GET"]}}],"collection":[{"href":"https:\/\/cdes.org.ec\/webantigua\/wp-json\/wp\/v2\/posts"}],"about":[{"href":"https:\/\/cdes.org.ec\/webantigua\/wp-json\/wp\/v2\/types\/post"}],"author":[{"embeddable":true,"href":"https:\/\/cdes.org.ec\/webantigua\/wp-json\/wp\/v2\/users\/2"}],"replies":[{"embeddable":true,"href":"https:\/\/cdes.org.ec\/webantigua\/wp-json\/wp\/v2\/comments?post=9847"}],"version-history":[{"count":3,"href":"https:\/\/cdes.org.ec\/webantigua\/wp-json\/wp\/v2\/posts\/9847\/revisions"}],"predecessor-version":[{"id":9850,"href":"https:\/\/cdes.org.ec\/webantigua\/wp-json\/wp\/v2\/posts\/9847\/revisions\/9850"}],"wp:featuredmedia":[{"embeddable":true,"href":"https:\/\/cdes.org.ec\/webantigua\/wp-json\/wp\/v2\/media\/9846"}],"wp:attachment":[{"href":"https:\/\/cdes.org.ec\/webantigua\/wp-json\/wp\/v2\/media?parent=9847"}],"wp:term":[{"taxonomy":"category","embeddable":true,"href":"https:\/\/cdes.org.ec\/webantigua\/wp-json\/wp\/v2\/categories?post=9847"},{"taxonomy":"post_tag","embeddable":true,"href":"https:\/\/cdes.org.ec\/webantigua\/wp-json\/wp\/v2\/tags?post=9847"}],"curies":[{"name":"wp","href":"https:\/\/api.w.org\/{rel}","templated":true}]}}